{"id":9901,"date":"2026-01-01T16:54:13","date_gmt":"2026-01-01T14:54:13","guid":{"rendered":"https:\/\/gab-bellinzona.ch\/online\/?p=9901"},"modified":"2026-01-24T17:54:15","modified_gmt":"2026-01-24T15:54:15","slug":"scolari","status":"publish","type":"post","link":"https:\/\/gab-bellinzona.ch\/online\/scolari\/","title":{"rendered":"Gruppo Scolari U10"},"content":{"rendered":"<p><em>Gli scolari sono un gruppo numeroso del GAB. Vengono accolti e allenati attraverso il gioco da monitori volontari, che regalano parte del loro tempo libero, energie ed esperienza, nel trasmettere la passione per uno sport completo e in armonia con lo sviluppo fisico e motorio dei pi\u00f9 giovani.&nbsp;<\/em><\/p><p>In considerazione della grande richiesta, <strong>vi informiamo che i posti per nuovi atleti sono terminati. Il nostro gruppo \u00e8 al completo.<\/strong> Vi invitiamo pertanto a non presentarvi allo stadio. Per ulteriori informazioni \u00e8 possibile contattare via mail la responsabile del gruppo. <\/p><p><strong>NATI 2017\/2018<\/strong><\/p><p>Responsabile gruppo: Sabrina Casari (<a href=\"mailto:Sabrina.casari@bluewin.ch\" target=\"_blank\" rel=\"noreferrer noopener\">sabrina.casari@bluewin.ch<\/a>)<\/p><figure class=\"wp-block-image size-large\"><img loading=\"lazy\" decoding=\"async\" width=\"1024\" height=\"683\" src=\"https:\/\/gab-bellinzona.ch\/online\/wp-content\/uploads\/2024\/06\/IMG_5684-1024x683.jpg\" alt=\"\" class=\"wp-image-13725\" srcset=\"https:\/\/gab-bellinzona.ch\/online\/wp-content\/uploads\/2024\/06\/IMG_5684-1024x683.jpg 1024w, https:\/\/gab-bellinzona.ch\/online\/wp-content\/uploads\/2024\/06\/IMG_5684-300x200.jpg 300w, https:\/\/gab-bellinzona.ch\/online\/wp-content\/uploads\/2024\/06\/IMG_5684-768x512.jpg 768w, https:\/\/gab-bellinzona.ch\/online\/wp-content\/uploads\/2024\/06\/IMG_5684-1536x1024.jpg 1536w, https:\/\/gab-bellinzona.ch\/online\/wp-content\/uploads\/2024\/06\/IMG_5684-2048x1365.jpg 2048w, https:\/\/gab-bellinzona.ch\/online\/wp-content\/uploads\/2024\/06\/IMG_5684-630x420.jpg 630w, https:\/\/gab-bellinzona.ch\/online\/wp-content\/uploads\/2024\/06\/IMG_5684-150x100.jpg 150w, https:\/\/gab-bellinzona.ch\/online\/wp-content\/uploads\/2024\/06\/IMG_5684-696x464.jpg 696w, https:\/\/gab-bellinzona.ch\/online\/wp-content\/uploads\/2024\/06\/IMG_5684-1068x712.jpg 1068w, https:\/\/gab-bellinzona.ch\/online\/wp-content\/uploads\/2024\/06\/IMG_5684-1920x1280.jpg 1920w, https:\/\/gab-bellinzona.ch\/online\/wp-content\/uploads\/2024\/06\/IMG_5684-600x400.jpg 600w\" sizes=\"auto, (max-width: 1024px) 100vw, 1024px\" \/><\/figure><p><strong>Cosa dicono del gruppo:<\/strong><\/p><p>Ciao, mi chiamo Flavio, ho 10 anni e abito a Gorduno. Faccio atletica da quando avevo 7 anni. Ho iniziato a fare atletica dato che lo facevano due mie amiche e perch\u00e9 mi piaceva correre. Mi piace molto questo sport perch\u00e9 si fanno varie attivit\u00e0 e perch\u00e9 abbiamo un bellissimo gruppo e dei bravi allenatori. Le mie discipline preferite sono la corsa e gli ostacoli.<\/p><p>Il mio atleta preferito del GAB \u00e8 Nathan Oberti che ogni tanto ci allenava agli ostacoli durante il mio primo anno con la Sabrina. Invece il mio atleta internazionale preferito \u00e8 Alison Dos Santos, che ho avuto la fortuna di incontrare pi\u00f9 di una volta all&#8217;evento Kids del Gal\u00e0 e al Gal\u00e0 dei Castelli. La mia gara preferita da sempre era il Mille Gruy\u00e8re, dove si corrono 1000 m in pista, ma da quando ho partecipato all\u2019UBS Kids Cup Team \u00e8 diventata quella la mia preferita. Spero di divertirmi ancora tanto praticando questo bellissimo sport.<\/p><p><\/p>","protected":false},"excerpt":{"rendered":"<p>Gli scolari sono un gruppo numeroso del GAB. Vengono accolti e allenati attraverso il gioco da monitori volontari, che regalano parte del loro tempo libero, energie ed esperienza, nel trasmettere [&hellip;]<\/p>\n","protected":false},"author":2,"featured_media":13725,"comment_status":"closed","ping_status":"closed","sticky":false,"template":"","format":"standard","meta":{"footnotes":""},"categories":[124],"tags":[],"class_list":["post-9901","post","type-post","status-publish","format-standard","has-post-thumbnail","category-gruppi"],"_links":{"self":[{"href":"https:\/\/gab-bellinzona.ch\/online\/wp-json\/wp\/v2\/posts\/9901","targetHints":{"allow":["GET"]}}],"collection":[{"href":"https:\/\/gab-bellinzona.ch\/online\/wp-json\/wp\/v2\/posts"}],"about":[{"href":"https:\/\/gab-bellinzona.ch\/online\/wp-json\/wp\/v2\/types\/post"}],"author":[{"embeddable":true,"href":"https:\/\/gab-bellinzona.ch\/online\/wp-json\/wp\/v2\/users\/2"}],"replies":[{"embeddable":true,"href":"https:\/\/gab-bellinzona.ch\/online\/wp-json\/wp\/v2\/comments?post=9901"}],"version-history":[{"count":25,"href":"https:\/\/gab-bellinzona.ch\/online\/wp-json\/wp\/v2\/posts\/9901\/revisions"}],"predecessor-version":[{"id":14714,"href":"https:\/\/gab-bellinzona.ch\/online\/wp-json\/wp\/v2\/posts\/9901\/revisions\/14714"}],"wp:featuredmedia":[{"embeddable":true,"href":"https:\/\/gab-bellinzona.ch\/online\/wp-json\/wp\/v2\/media\/13725"}],"wp:attachment":[{"href":"https:\/\/gab-bellinzona.ch\/online\/wp-json\/wp\/v2\/media?parent=9901"}],"wp:term":[{"taxonomy":"category","embeddable":true,"href":"https:\/\/gab-bellinzona.ch\/online\/wp-json\/wp\/v2\/categories?post=9901"},{"taxonomy":"post_tag","embeddable":true,"href":"https:\/\/gab-bellinzona.ch\/online\/wp-json\/wp\/v2\/tags?post=9901"}],"curies":[{"name":"wp","href":"https:\/\/api.w.org\/{rel}","templated":true}]}}