{"id":9899,"date":"2026-01-01T16:53:23","date_gmt":"2026-01-01T14:53:23","guid":{"rendered":"https:\/\/gab-bellinzona.ch\/online\/?p=9899"},"modified":"2026-04-27T21:20:03","modified_gmt":"2026-04-27T19:20:03","slug":"giovani","status":"publish","type":"post","link":"https:\/\/gab-bellinzona.ch\/online\/giovani\/","title":{"rendered":"Gruppo giovani U16"},"content":{"rendered":"<p>Questo gruppo \u00e8 allenato da Michela Cariboni con l&#8217;aiuto di Giancarlo Rodesino. Gli allenamenti si svolgono allo stadio il luned\u00ec, il mercoled\u00ec e il gioved\u00ec dalle 17:45 fino alle 19:15.<\/p><p><strong>NATI 2011-2012:<\/strong><\/p><p>Responsabile gruppo: Michela Cariboni (<a href=\"mailto:mcariboni@bluewin.ch\">mcariboni@bluewin.ch<\/a>)<\/p><p><strong>Dicono di questo gruppo:<\/strong><\/p><p>Mi chiamo Anna e pratico l\u2019atletica da parecchi anni. Ho iniziato perch\u00e9 anche tre dei miei cugini facevano atletica e grazie a loro ho scoperto questo sport e ne sono rimasta affascinata. Inoltre, abito vicino allo stadio e questo posto mi ha sempre attirato.<\/p><p>Personalmente, l\u2019atletica mi ha insegnato molte cose e mi sta aiutando a crescere. In generale, penso che la pratica di uno sport possa dare una grande forza. Con gli anni ho scoperto il piacere per la corsa e anche quello di ottenere dei risultati grazie all\u2019impegno e alla costanza. Partecipo sempre molto volentieri agli allenamenti. Sebbene l\u2019atletica sia uno sport soprattutto individuale, il gruppo \u00e8 per me molto importante. Mi piace allenarmi con gli altri compagni di squadra: con gli anni siamo diventati amici, ci divertiamo assieme e ci aiutiamo a raggiungere i nostri obiettivi. La mia allenatrice Michela \u00e8 molto brava. \u00c8 attenta alle caratteristiche di ognuno di noi e ci prepara con allenamenti che ci aiutano a migliorare sempre di pi\u00f9, valorizzando i nostri punti di forza. Le mie discipline preferite sono lo sprint e il salto in lungo. Infatti le gare che mi piacciono di pi\u00f9 sono il Visana Sprint e l\u2019UBS Kids Cup, che aspetto sempre con impazienza. Negli scorsi anni sono sempre riuscita a qualificarmi per le finali e questo mi ha dato una grande motivazione. Invece non mi sento proprio portata per i cross e in generale per le corse sulla lunga distanza. Queste gare non mi piacciono e la stagione invernale non \u00e8 chiaramente la mia preferita. Quando mi alleno mi sento libera. Per me \u00e8 un momento importante della giornata perch\u00e9 riesco a non pensare ad altro. Durante gli allenamenti mi posso concentrare su quello che sto facendo e dopo una dura giornata di scuola \u00e8 il modo migliore per ricaricarsi e sfogarsi.<br>Per il futuro, spero di migliorare i miei risultati personali negli 80 metri e nel salto in lungo. Il prossimo anno vorrei riuscire ad allenarmi in modo pi\u00f9 regolare e pi\u00f9 mirato in queste due discipline. Spero anche di riuscire a conciliare ancora meglio scuola e allenamenti.<\/p><figure class=\"wp-block-image size-large\"><img loading=\"lazy\" decoding=\"async\" width=\"1024\" height=\"768\" src=\"https:\/\/gab-bellinzona.ch\/online\/wp-content\/uploads\/2026\/01\/WhatsApp-Image-2026-04-25-at-18.21.15-1-1024x768.jpeg\" alt=\"\" class=\"wp-image-15445\" srcset=\"https:\/\/gab-bellinzona.ch\/online\/wp-content\/uploads\/2026\/01\/WhatsApp-Image-2026-04-25-at-18.21.15-1-1024x768.jpeg 1024w, https:\/\/gab-bellinzona.ch\/online\/wp-content\/uploads\/2026\/01\/WhatsApp-Image-2026-04-25-at-18.21.15-1-300x225.jpeg 300w, https:\/\/gab-bellinzona.ch\/online\/wp-content\/uploads\/2026\/01\/WhatsApp-Image-2026-04-25-at-18.21.15-1-768x576.jpeg 768w, https:\/\/gab-bellinzona.ch\/online\/wp-content\/uploads\/2026\/01\/WhatsApp-Image-2026-04-25-at-18.21.15-1-1536x1152.jpeg 1536w, https:\/\/gab-bellinzona.ch\/online\/wp-content\/uploads\/2026\/01\/WhatsApp-Image-2026-04-25-at-18.21.15-1-560x420.jpeg 560w, https:\/\/gab-bellinzona.ch\/online\/wp-content\/uploads\/2026\/01\/WhatsApp-Image-2026-04-25-at-18.21.15-1-80x60.jpeg 80w, https:\/\/gab-bellinzona.ch\/online\/wp-content\/uploads\/2026\/01\/WhatsApp-Image-2026-04-25-at-18.21.15-1-150x113.jpeg 150w, https:\/\/gab-bellinzona.ch\/online\/wp-content\/uploads\/2026\/01\/WhatsApp-Image-2026-04-25-at-18.21.15-1-696x522.jpeg 696w, https:\/\/gab-bellinzona.ch\/online\/wp-content\/uploads\/2026\/01\/WhatsApp-Image-2026-04-25-at-18.21.15-1-1068x801.jpeg 1068w, https:\/\/gab-bellinzona.ch\/online\/wp-content\/uploads\/2026\/01\/WhatsApp-Image-2026-04-25-at-18.21.15-1-1920x1440.jpeg 1920w, https:\/\/gab-bellinzona.ch\/online\/wp-content\/uploads\/2026\/01\/WhatsApp-Image-2026-04-25-at-18.21.15-1-265x198.jpeg 265w, https:\/\/gab-bellinzona.ch\/online\/wp-content\/uploads\/2026\/01\/WhatsApp-Image-2026-04-25-at-18.21.15-1-600x450.jpeg 600w, https:\/\/gab-bellinzona.ch\/online\/wp-content\/uploads\/2026\/01\/WhatsApp-Image-2026-04-25-at-18.21.15-1.jpeg 2048w\" sizes=\"auto, (max-width: 1024px) 100vw, 1024px\" \/><\/figure>","protected":false},"excerpt":{"rendered":"<p>Questo gruppo \u00e8 allenato da Michela Cariboni con l&#8217;aiuto di Giancarlo Rodesino. Gli allenamenti si svolgono allo stadio il luned\u00ec, il mercoled\u00ec e il gioved\u00ec dalle 17:45 fino alle 19:15. [&hellip;]<\/p>\n","protected":false},"author":2,"featured_media":15444,"comment_status":"closed","ping_status":"closed","sticky":false,"template":"","format":"standard","meta":{"footnotes":""},"categories":[124],"tags":[],"class_list":["post-9899","post","type-post","status-publish","format-standard","has-post-thumbnail","category-gruppi"],"_links":{"self":[{"href":"https:\/\/gab-bellinzona.ch\/online\/wp-json\/wp\/v2\/posts\/9899","targetHints":{"allow":["GET"]}}],"collection":[{"href":"https:\/\/gab-bellinzona.ch\/online\/wp-json\/wp\/v2\/posts"}],"about":[{"href":"https:\/\/gab-bellinzona.ch\/online\/wp-json\/wp\/v2\/types\/post"}],"author":[{"embeddable":true,"href":"https:\/\/gab-bellinzona.ch\/online\/wp-json\/wp\/v2\/users\/2"}],"replies":[{"embeddable":true,"href":"https:\/\/gab-bellinzona.ch\/online\/wp-json\/wp\/v2\/comments?post=9899"}],"version-history":[{"count":19,"href":"https:\/\/gab-bellinzona.ch\/online\/wp-json\/wp\/v2\/posts\/9899\/revisions"}],"predecessor-version":[{"id":15446,"href":"https:\/\/gab-bellinzona.ch\/online\/wp-json\/wp\/v2\/posts\/9899\/revisions\/15446"}],"wp:featuredmedia":[{"embeddable":true,"href":"https:\/\/gab-bellinzona.ch\/online\/wp-json\/wp\/v2\/media\/15444"}],"wp:attachment":[{"href":"https:\/\/gab-bellinzona.ch\/online\/wp-json\/wp\/v2\/media?parent=9899"}],"wp:term":[{"taxonomy":"category","embeddable":true,"href":"https:\/\/gab-bellinzona.ch\/online\/wp-json\/wp\/v2\/categories?post=9899"},{"taxonomy":"post_tag","embeddable":true,"href":"https:\/\/gab-bellinzona.ch\/online\/wp-json\/wp\/v2\/tags?post=9899"}],"curies":[{"name":"wp","href":"https:\/\/api.w.org\/{rel}","templated":true}]}}