{"id":9897,"date":"2026-01-01T17:50:17","date_gmt":"2026-01-01T15:50:17","guid":{"rendered":"https:\/\/gab-bellinzona.ch\/online\/?p=9897"},"modified":"2026-04-10T17:25:19","modified_gmt":"2026-04-10T15:25:19","slug":"sprint","status":"publish","type":"post","link":"https:\/\/gab-bellinzona.ch\/online\/sprint\/","title":{"rendered":"Gruppo Sprint e Ostacoli"},"content":{"rendered":"<p>Questo gruppo \u00e8 allenato da Monica Pellegrinelli e Michele R\u00fcfenacht. Gli allenamenti si svolgono allo stadio il luned\u00ec, il mercoled\u00ec, il gioved\u00ec e sabato dalle 17:45 fino alle 19:15. Inoltre per gli atleti \u00e9lite sono previsti allenamenti aggiuntivi. <\/p><p>Informazioni: <a href=\"mailto:info@gab-bellinzona.ch\">info@gab-bellinzona.ch<\/a><\/p><p><strong>Dicono di questo gruppo:<\/strong><\/p><p>Anche quest\u2019anno i velocisti e gli ostacolisti del GAB hanno terminato la stagione 2024 con tante medaglie e primati personali.&nbsp;<\/p><p>La preparazione invernale \u00e8 stata molto faticosa, ma tutti gli atleti hanno fatto del loro meglio per arrivare pronti alle prime gare indoor (per i pi\u00f9 grandi) e successivamente alle prime staffette e gare individuali.&nbsp;<\/p><p>La prima uscita stagionale ha visto all\u2019Hallenmeeting di Macolin vari primati personali: Nathan Oberti ha corso i 60 metri con il grande tempo di 6\u2019\u201993, portandosi a soli 4 centesimi dal record sociale. Nicola Fumagalli, Ananchai Rodoni e Hagoos Boo sono scesi in pista nei 400 metri (Nicola e Ananchai con un ottimo personale). Sul fronte femminile Maeva Tahou ha ottenuto un nuovo &#8220;personal best&#8221; concludendo i 60 metri in 7\u2019\u201974.&nbsp;<\/p><p>Conclusa la stagione al coperto riprendono gli allenamenti fino al campo pasquale Marina di Pietra Santa. A Marina abbiamo svolto tantissimi allenamenti, goduto di un\u2019ottima compagnia e una grande accoglienza da parte dell\u2019Hotel Sabrina.<\/p><p>Ecco alle porte la stagione outdoor che si apre con il meeting primaverile a Locarno. Il GAB si \u00e8 presentato con molti atleti che hanno ottenuto molti &#8220;personal best&#8221;. \u00c8 poi il momento dei ticinesi di staffette dove il GAB ha portato a casa 3 medaglie a livello giovanile: 5&#215;80 femminile, olimpionica U18 femminile e maschile. A Locarno sono poi andati in scena i Campionati ticinesi assoluti di olimpionica, al maschile doppietta GAB, al femminile un primo e un terzo posto.<\/p><p>La prima gara individuale \u00e8 da tradizione il 1\u00b0 maggio a Bellinzona, tanti (se non tutti!) gli atleti GAB scendono in pista. Dopo molti altri meeting gli U18 hanno varcato il Gottardo per i Campionati regionali, con grandi risultati: 6 medaglie e un limite per i Campionati europei (Leonardo Lafranchi 200m). Il 28 e 29 giugno si sono svolti i Campionati svizzeri assoluti con 6 velocisti e ostacolisti in gara. Nicola Fumagalli e Mattia Tajana hanno centrato la finale, chiudendola rispettivamente all\u2019ottavo e al quinto posto.&nbsp;<\/p><p>A luglio, i velocisti si sono recati al campo d\u2019allenamento a St. Moritz, mentre gli ostacolisti hanno partecipato a diverse gare in Italia, ottenendo dei bei risultati.&nbsp;<\/p><p>La stagione scorre velocemente ed eccoci giunti ai Campionati svizzeri delle varie categorie: U20 e U23 Langenthal, mentre gli U16 e U18 a Losanna. Da segnalare per gli U23 il grande argento di Nicola Fumagalli sui 400 ostacoli e per gli U20 il quarto posto di Matteo De Biasio sui 110 ostacoli. Per gli U18 da evidenziare il quarto posto nei 200 metri per Leonardo Lafranchi.&nbsp;<\/p><p>Per concludere la stagione si sono svolti i Campionati ticinesi assoluti, dove sono scesi in pista molti atleti. Alcuni risultati da sottolineare sono quelli di Nicola Fumagalli, quarto posto nei 100 metri (11\u2019\u201908), Mattia Tajana terzo posto nei 200 metri (22\u2019\u201964), Matteo De Biasio secondo posto nell\u2019alto (1,84) e Carol Brechb\u00fchl che ha ottenuto una medaglia di bronzo nei 100 metri (12\u2019\u201962). La stagione si \u00e8 quindi conclusa in modo ottimale per gli atleti pi\u00f9 grandi e, in seguito, anche per i pi\u00f9 giovani con i Campionati ticinesi giovanili.<\/p><p><strong>Gaia Ferrari<\/strong><\/p>","protected":false},"excerpt":{"rendered":"<p>Questo gruppo \u00e8 allenato da Monica Pellegrinelli e Michele R\u00fcfenacht. Gli allenamenti si svolgono allo stadio il luned\u00ec, il mercoled\u00ec, il gioved\u00ec e sabato dalle 17:45 fino alle 19:15. Inoltre [&hellip;]<\/p>\n","protected":false},"author":2,"featured_media":15400,"comment_status":"closed","ping_status":"closed","sticky":false,"template":"","format":"standard","meta":{"footnotes":""},"categories":[124],"tags":[],"class_list":["post-9897","post","type-post","status-publish","format-standard","has-post-thumbnail","category-gruppi"],"_links":{"self":[{"href":"https:\/\/gab-bellinzona.ch\/online\/wp-json\/wp\/v2\/posts\/9897","targetHints":{"allow":["GET"]}}],"collection":[{"href":"https:\/\/gab-bellinzona.ch\/online\/wp-json\/wp\/v2\/posts"}],"about":[{"href":"https:\/\/gab-bellinzona.ch\/online\/wp-json\/wp\/v2\/types\/post"}],"author":[{"embeddable":true,"href":"https:\/\/gab-bellinzona.ch\/online\/wp-json\/wp\/v2\/users\/2"}],"replies":[{"embeddable":true,"href":"https:\/\/gab-bellinzona.ch\/online\/wp-json\/wp\/v2\/comments?post=9897"}],"version-history":[{"count":7,"href":"https:\/\/gab-bellinzona.ch\/online\/wp-json\/wp\/v2\/posts\/9897\/revisions"}],"predecessor-version":[{"id":15401,"href":"https:\/\/gab-bellinzona.ch\/online\/wp-json\/wp\/v2\/posts\/9897\/revisions\/15401"}],"wp:featuredmedia":[{"embeddable":true,"href":"https:\/\/gab-bellinzona.ch\/online\/wp-json\/wp\/v2\/media\/15400"}],"wp:attachment":[{"href":"https:\/\/gab-bellinzona.ch\/online\/wp-json\/wp\/v2\/media?parent=9897"}],"wp:term":[{"taxonomy":"category","embeddable":true,"href":"https:\/\/gab-bellinzona.ch\/online\/wp-json\/wp\/v2\/categories?post=9897"},{"taxonomy":"post_tag","embeddable":true,"href":"https:\/\/gab-bellinzona.ch\/online\/wp-json\/wp\/v2\/tags?post=9897"}],"curies":[{"name":"wp","href":"https:\/\/api.w.org\/{rel}","templated":true}]}}