{"id":817,"date":"2020-12-17T20:59:39","date_gmt":"2020-12-17T19:59:39","guid":{"rendered":"http:\/\/gab-bellinzona.ch\/?p=8400"},"modified":"2020-12-17T21:09:06","modified_gmt":"2020-12-17T20:09:06","slug":"incarico-di-prestigio-per-lex-atleta-gab-marco-mudry-macolin","status":"publish","type":"post","link":"https:\/\/gab-bellinzona.ch\/online\/incarico-di-prestigio-per-lex-atleta-gab-marco-mudry-macolin\/","title":{"rendered":"Incarico di prestigio per l&#8217;ex atleta GAB Marco Mudry &#8211; Macolin"},"content":{"rendered":"<p>Il centro di competenza sport dell&#8217;esercito di Macolin ha un nuovo comandante. A occupare il posto sar\u00e0 il colonnello Marco Mudry. Gi\u00e0 mezzofondista GAB, Marco sar\u00e0 a capo della formazione degli sportivi d&#8217;\u00e9lite dell&#8217;esercito svizzero e quindi anche responsabile dello sport durante il servizio militare. Prima del trasferimento, era stato comandante del Centro di competenza servizio alpino dell&#8217;esercito ad Andermatt. Nella foto in copertina, il momento del trapasso dei poteri, tramite bandiera. Buon lavoro Marco!<\/p><p class=\"has-text-align-center\"><a href=\"https:\/\/www.baspo.admin.ch\/it\/home.detail.news.html\/baspo-internet\/2020\/kompetenzzentrum-sport-der-armee-magglingen-kommandouebergabe-mudry-folgt-auf-wiedmer.html\">&lt;&lt;Articolo ufficiale con una breve intervista&gt;&gt;<\/a><\/p><p class=\"has-text-align-center\"><a href=\"https:\/\/www.vtg.admin.ch\/it\/organizzazione\/kdo-ausb\/genio-salvataggio\/komp-zen-sport.html\">&lt;&lt;Sito Centro di competenza sport dell&#8217;esercito&gt;&gt;<\/a><\/p><div class=\"wp-block-image\"><figure class=\"aligncenter size-large\"><img decoding=\"async\" src=\"http:\/\/gab-bellinzona.ch\/wp\/wp-content\/uploads\/2020\/12\/Schermata-2020-12-17-alle-20.58.07.png\" alt=\"\" class=\"wp-image-8402\"\/><\/figure><\/div>","protected":false},"excerpt":{"rendered":"<p>Il centro di competenza sport dell&#8217;esercito di Macolin ha un nuovo comandante. A occupare il posto sar\u00e0 il colonnello Marco Mudry. Gi\u00e0 mezzofondista GAB, Marco sar\u00e0 a capo della formazione [&hellip;]<\/p>\n","protected":false},"author":2,"featured_media":0,"comment_status":"closed","ping_status":"closed","sticky":false,"template":"","format":"standard","meta":{"footnotes":""},"categories":[],"tags":[],"class_list":["post-817","post","type-post","status-publish","format-standard"],"_links":{"self":[{"href":"https:\/\/gab-bellinzona.ch\/online\/wp-json\/wp\/v2\/posts\/817","targetHints":{"allow":["GET"]}}],"collection":[{"href":"https:\/\/gab-bellinzona.ch\/online\/wp-json\/wp\/v2\/posts"}],"about":[{"href":"https:\/\/gab-bellinzona.ch\/online\/wp-json\/wp\/v2\/types\/post"}],"author":[{"embeddable":true,"href":"https:\/\/gab-bellinzona.ch\/online\/wp-json\/wp\/v2\/users\/2"}],"replies":[{"embeddable":true,"href":"https:\/\/gab-bellinzona.ch\/online\/wp-json\/wp\/v2\/comments?post=817"}],"version-history":[{"count":0,"href":"https:\/\/gab-bellinzona.ch\/online\/wp-json\/wp\/v2\/posts\/817\/revisions"}],"wp:attachment":[{"href":"https:\/\/gab-bellinzona.ch\/online\/wp-json\/wp\/v2\/media?parent=817"}],"wp:term":[{"taxonomy":"category","embeddable":true,"href":"https:\/\/gab-bellinzona.ch\/online\/wp-json\/wp\/v2\/categories?post=817"},{"taxonomy":"post_tag","embeddable":true,"href":"https:\/\/gab-bellinzona.ch\/online\/wp-json\/wp\/v2\/tags?post=817"}],"curies":[{"name":"wp","href":"https:\/\/api.w.org\/{rel}","templated":true}]}}