{"id":814,"date":"2020-11-25T10:11:00","date_gmt":"2020-11-25T09:11:00","guid":{"rendered":"http:\/\/gab-bellinzona.ch\/?p=8298"},"modified":"2020-11-29T11:48:27","modified_gmt":"2020-11-29T10:48:27","slug":"informazioni-assemblea-ordinaria-e-cena-sociale","status":"publish","type":"post","link":"https:\/\/gab-bellinzona.ch\/online\/informazioni-assemblea-ordinaria-e-cena-sociale\/","title":{"rendered":"Assemblea ordinaria del 29.11.2020: cambiamenti in comitato."},"content":{"rendered":"<p>Si \u00e8 svolta sabato 29 novembre 2020 l&#8217;assemblea generale ordinaria del Gruppo Atletico Bellinzona. Un&#8217;assemblea speciale in quanto i circa 75 partecipanti non hanno potuto recarsi come da abitudine all&#8217;Auditorium BancaStato, ma hanno dovuto stare seduti davanti ad un computer. L&#8217;assemblea si \u00e8 infatti tenuta con successo su Zoom. <\/p><p>Dopo il saluto della presidente Laura Mudry Mangiaratti e la verifica del quorum, si \u00e8 passati alla nomina del presidente del giorno (Alessandro Lafranchi \u00e8 stato accettato con unanimit\u00e0). A far le veci di scrutinatore, in questa particolare assemblea online, Nicola Riva. Passata anche l&#8217;approvazione del verbale del 2019, \u00e8 stata la volta della relazione della presidente, che passo dopo passo ha elencato i punti salienti della stagione e fatto i dovuti ringraziamenti. I successi atletici sono poi stati il tema della relazione del commissario tecnico Enrico Cariboni, seguita poi da quella del cassiere. Simone Nolli, ha mostrato come i conti della societ\u00e0 siano in ottima forma e come questo permetter\u00e0 anche in futuro di continuare con l&#8217;ottimo lavoro fatto finora. L&#8217;assemblea, su invito dei revisori, ha poi accettato i conti. \u00c8 poi arrivato il momento degli &#8220;addii&#8221;, ben due membri hanno infatti lasciato il comitato: Daniele Bianchini (vice-presidente) e Karin Petraglio-Colombini (segretaria). La presidente, a nome di tutta la societ\u00e0, a provveduto a ringraziare entrambi per l&#8217;ottimo lavoro svolto nei loro mandati. Si \u00e8 cos\u00ec dovuto nominare il nuovo comitato (rinnovo ogni due anni). A prendere il posto di Daniele e Karin, ci penseranno l&#8217;esperto Masssimo &#8220;Mimo&#8221; Balestra, gi\u00e0 membro del comitato e attuale Coach G+S GAB, e il giovane Mirko Tam\u00f2, atleta GAB, a cui spetter\u00e0 l&#8217;arduo compito di sostituire Daniele Bianchini alla vicepresidenza. Due cambiamenti anche tra i revisori, Michaela Andreazzi e Alfredo Brechb\u00fchl, dopo molti stagioni di servizio, per le quali li ringraziamo, lasceranno il posto a Zuleika Bionda e Paolo Berini. <\/p><p><strong>Cambiamenti del comitato GAB:<\/strong><\/p><figure class=\"wp-block-table\"><table class=\"has-fixed-layout\"><thead><tr><th>Comitato 2018-2020<\/th><th>Comitato 2020-2022<\/th><\/tr><\/thead><tbody><tr><td><em>Presidente<\/em>: Laura Mudry-Mangiaratti <\/td><td>Laura Mudry-Mangiaratti<\/td><\/tr><tr><td><em>Vice-presidente<\/em>: Daniele Bianchini <\/td><td>Mirko Tam\u00f2<\/td><\/tr><tr><td><em>Segretaria<\/em>: Karin Petraglio-Colombini<\/td><td>Paola Stampanoni<\/td><\/tr><tr><td><em>Cassiere<\/em>: Simone Nolli<\/td><td>Simone Nolli<\/td><\/tr><tr><td><em>CT:<\/em> Enrico Cariboni<\/td><td>Enrico Cariboni<\/td><\/tr><tr><td><em>Resp. Meeting:<\/em> Mirco Moser<\/td><td>Mirco Moser<\/td><\/tr><tr><td><em>Resp. IT:<\/em> Nicola Riva<\/td><td>Nicola Riva<\/td><\/tr><tr><td><em>Membro:<\/em> Paola Stampanoni<\/td><td>Massimo Balestra<\/td><\/tr><tr><td><em>Membro:<\/em> Roberto Simone<\/td><td>Roberto Simone<\/td><\/tr><\/tbody><\/table><\/figure><p><strong>Cambiamento revisori GAB:<\/strong><\/p><figure class=\"wp-block-table\"><table class=\"has-fixed-layout\"><thead><tr><th>Revisori <strong>2018-2020<\/strong><\/th><th>Revisori <strong>2020-202<\/strong>2<\/th><\/tr><\/thead><tbody><tr><td>Michaela Andreazzi<\/td><td>Zuleika Bionda<\/td><\/tr><tr><td>Alfredo Brechb\u00fchl<\/td><td>Paolo Berini<\/td><\/tr><\/tbody><\/table><\/figure><figure class=\"wp-block-image size-large\"><img decoding=\"async\" src=\"http:\/\/gab-bellinzona.ch\/wp\/wp-content\/uploads\/2020\/11\/6e01f2de-6136-4a3c-9720-9dc0bb28f40e-768x1024.jpg\" alt=\"\" class=\"wp-image-8325\"\/><figcaption>La Presidente con gli uscenti Karin Petraglio Colombini e Daniele Bianchini. GRAZIE!<\/figcaption><\/figure>","protected":false},"excerpt":{"rendered":"<p>Si \u00e8 svolta sabato 29 novembre 2020 l&#8217;assemblea generale ordinaria del Gruppo Atletico Bellinzona. Un&#8217;assemblea speciale in quanto i circa 75 partecipanti non hanno potuto recarsi come da abitudine all&#8217;Auditorium [&hellip;]<\/p>\n","protected":false},"author":2,"featured_media":0,"comment_status":"closed","ping_status":"closed","sticky":false,"template":"","format":"standard","meta":{"footnotes":""},"categories":[],"tags":[],"class_list":["post-814","post","type-post","status-publish","format-standard"],"_links":{"self":[{"href":"https:\/\/gab-bellinzona.ch\/online\/wp-json\/wp\/v2\/posts\/814","targetHints":{"allow":["GET"]}}],"collection":[{"href":"https:\/\/gab-bellinzona.ch\/online\/wp-json\/wp\/v2\/posts"}],"about":[{"href":"https:\/\/gab-bellinzona.ch\/online\/wp-json\/wp\/v2\/types\/post"}],"author":[{"embeddable":true,"href":"https:\/\/gab-bellinzona.ch\/online\/wp-json\/wp\/v2\/users\/2"}],"replies":[{"embeddable":true,"href":"https:\/\/gab-bellinzona.ch\/online\/wp-json\/wp\/v2\/comments?post=814"}],"version-history":[{"count":0,"href":"https:\/\/gab-bellinzona.ch\/online\/wp-json\/wp\/v2\/posts\/814\/revisions"}],"wp:attachment":[{"href":"https:\/\/gab-bellinzona.ch\/online\/wp-json\/wp\/v2\/media?parent=814"}],"wp:term":[{"taxonomy":"category","embeddable":true,"href":"https:\/\/gab-bellinzona.ch\/online\/wp-json\/wp\/v2\/categories?post=814"},{"taxonomy":"post_tag","embeddable":true,"href":"https:\/\/gab-bellinzona.ch\/online\/wp-json\/wp\/v2\/tags?post=814"}],"curies":[{"name":"wp","href":"https:\/\/api.w.org\/{rel}","templated":true}]}}