{"id":812,"date":"2020-11-07T08:49:00","date_gmt":"2020-11-07T07:49:00","guid":{"rendered":"http:\/\/gab-bellinzona.ch\/?p=8280"},"modified":"2020-11-07T17:13:45","modified_gmt":"2020-11-07T16:13:45","slug":"aggiornamento-covid-19-29-ottobre-2020","status":"publish","type":"post","link":"https:\/\/gab-bellinzona.ch\/online\/aggiornamento-covid-19-29-ottobre-2020\/","title":{"rendered":"Aggiornamento Covid-19 &#8211; 7.11.2020"},"content":{"rendered":"<p><strong>NUOVO<\/strong><\/p><div class=\"wp-block-file\"><a href=\"http:\/\/gab-bellinzona.ch\/wp\/wp-content\/uploads\/2020\/11\/GAB_Stadio_Concetto-di-protezione-allenamento_novembre2020.pdf\">Concetto di protezione allenamenti GAB_novembre2020<\/a><a href=\"http:\/\/gab-bellinzona.ch\/wp\/wp-content\/uploads\/2020\/11\/GAB_Stadio_Concetto-di-protezione-allenamento_novembre2020.pdf\" class=\"wp-block-file__button\" download>Download<\/a><\/div><p><strong>Sempre in vigore<\/strong><\/p><p>La crisi del Coronavirus continua a colpire la Svizzera e quindi anche il mondo dello sport. Fortunatamente per il GAB, le direttive emanate il 28 ottobre 2020 dal Consiglio federale permettono di continuare ad allenarsi.<\/p><p><strong>Modifica del 28.10.2020 sulle attivit\u00e0 sportive:<\/strong><\/p><p><em>&#8220;Le attivit\u00e0 sportive e culturali nel&nbsp;<strong>tempo libero<\/strong>&nbsp;in luoghi chiusi con pi\u00f9 di 15 persone sono consentite se pu\u00f2 essere mantenuta la necessaria distanza e indossata la mascherina. \u00c8 possibile rinunciare all\u2019uso della mascherina soltanto se \u00e8 a disposizione uno spazio molto grande, per esempio una palestra di tennis o una grande sala.<\/em> <em><strong>All\u2019esterno deve essere rispettata unicamente la regola del distanziamento. <\/strong>Sono vietati gli sport con contatto fisico. <strong>Le regole non si applicano ai ragazzi che non hanno ancora compiuto i 16 anni.<\/strong>&#8220;<\/em><\/p><p>In attesa del concetto di protezione, che Swiss Athletics, BASPO e Swiss Olympic stanno adattando per le societ\u00e0, vi andiamo ad elencare gli adattamenti che verranno effettuati all&#8217;interno del Gruppo Atletico Bellinzona:<\/p><ul class=\"wp-block-list\"><li>Gli allenamenti dei <strong>gruppi \u00e9lite<\/strong> all&#8217;esterno andranno avanti come fatto finora.<\/li><li>Gli allenamenti dei <strong>gruppi giovanili<\/strong> all&#8217;esterno <strong>andranno avanti come fatto finora<\/strong>.<\/li><li>Stadio Comunale: all&#8217;interno dell&#8217;edificio (corridoi, spogliatoi, servizi igienici) vige l&#8217;obbligo della mascherina, essa va tenuta anche all&#8217;esterno fino all&#8217;inizio dell&#8217;allenamento se non \u00e8 possibile tenere la distanza minima di 1.5m.<\/li><li>Prima, durante e dopo l&#8217;allenamento, laddove \u00e8 possibile, vanno tenute le distanze tra atleti-atleti, atleti-allenatori e allenatori-allenatori. <\/li><\/ul><p>Il Gruppo Atletico Bellinzona invita tutti i suoi atleti, atleti, collaboratori e sostenitori a seguire attentamente le direttive emanate dal Consiglio federale e di continuare ad utilizzare i consigli di comportamento dell&#8217;Ufficio federale per la sanit\u00e0 pubblica.<\/p><ul class=\"wp-block-list\"><li><a href=\"https:\/\/ftal.ch\/aggiornamenti-covid-19\/\">Aggiornamenti COVID-19 Ftal.ch<\/a><\/li><li><a href=\"https:\/\/www.swiss-athletics.ch\/fr\/blog\/2020\/10\/28\/corona-massnahmen-leichtathletiktrainings-sind-weiterhin-moeglich\/\">Comunicato Swiss-Athletics<\/a><\/li><li><a href=\"https:\/\/www.bag.admin.ch\/bag\/it\/home\/krankheiten\/ausbrueche-epidemien-pandemien\/aktuelle-ausbrueche-epidemien\/novel-cov\/massnahmen-des-bundes.html#1511676957\">Nuovi provvedimenti UFSP \/ BAG \/ OFSP<\/a><\/li><\/ul><figure class=\"wp-block-image size-large\"><img decoding=\"async\" src=\"https:\/\/gab-bellinzona.ch\/wp\/wp-content\/uploads\/2020\/10\/Regole_raccomandazioni-1024x1024.jpg\" alt=\"\" class=\"wp-image-8284\"\/><\/figure>","protected":false},"excerpt":{"rendered":"<p>NUOVO Sempre in vigore La crisi del Coronavirus continua a colpire la Svizzera e quindi anche il mondo dello sport. Fortunatamente per il GAB, le direttive emanate il 28 ottobre [&hellip;]<\/p>\n","protected":false},"author":2,"featured_media":0,"comment_status":"closed","ping_status":"closed","sticky":false,"template":"","format":"standard","meta":{"footnotes":""},"categories":[],"tags":[],"class_list":["post-812","post","type-post","status-publish","format-standard"],"_links":{"self":[{"href":"https:\/\/gab-bellinzona.ch\/online\/wp-json\/wp\/v2\/posts\/812","targetHints":{"allow":["GET"]}}],"collection":[{"href":"https:\/\/gab-bellinzona.ch\/online\/wp-json\/wp\/v2\/posts"}],"about":[{"href":"https:\/\/gab-bellinzona.ch\/online\/wp-json\/wp\/v2\/types\/post"}],"author":[{"embeddable":true,"href":"https:\/\/gab-bellinzona.ch\/online\/wp-json\/wp\/v2\/users\/2"}],"replies":[{"embeddable":true,"href":"https:\/\/gab-bellinzona.ch\/online\/wp-json\/wp\/v2\/comments?post=812"}],"version-history":[{"count":0,"href":"https:\/\/gab-bellinzona.ch\/online\/wp-json\/wp\/v2\/posts\/812\/revisions"}],"wp:attachment":[{"href":"https:\/\/gab-bellinzona.ch\/online\/wp-json\/wp\/v2\/media?parent=812"}],"wp:term":[{"taxonomy":"category","embeddable":true,"href":"https:\/\/gab-bellinzona.ch\/online\/wp-json\/wp\/v2\/categories?post=812"},{"taxonomy":"post_tag","embeddable":true,"href":"https:\/\/gab-bellinzona.ch\/online\/wp-json\/wp\/v2\/tags?post=812"}],"curies":[{"name":"wp","href":"https:\/\/api.w.org\/{rel}","templated":true}]}}