{"id":808,"date":"2020-10-04T19:15:27","date_gmt":"2020-10-04T17:15:27","guid":{"rendered":"http:\/\/gab-bellinzona.ch\/?p=8224"},"modified":"2020-10-06T20:03:54","modified_gmt":"2020-10-06T18:03:54","slug":"vittoria-gab-alla-claro-pizzo-claro","status":"publish","type":"post","link":"https:\/\/gab-bellinzona.ch\/online\/vittoria-gab-alla-claro-pizzo-claro\/","title":{"rendered":"Vittoria GAB alla Claro-Pizzo &#8211; Claro"},"content":{"rendered":"<p>C&#8217;\u00e8 chi ha passato il divano e chi ha deciso di farsi una bella corretta in salita! Tra di essi anche Paola Stampanoni, la nostra atleta e membro di comitato, che era al via della Claro-Pizzo. Nonostante il percorso sia stato accorciato a causa della meteo, la salita \u00e8 rimasta brutale. Infatti i metri di dislivello da superare rimanevano circa 2000. Paola si \u00e8 ben distinta andando a vincere la gara femminile e si \u00e8 classificata al 26\u00b0 della classifica generale (223 al via). COMPLIMENTI PAOLA! Forza Gab<\/p><ul class=\"wp-block-list\"><li>Paola Stampanoni 1&#8217;41&#8243;32 <strong>-&gt; 1\u00b0posto WOM <\/strong><\/li><\/ul><p class=\"has-text-align-center\"><a href=\"https:\/\/www.datasport.com\/live\/ranking?racenr=22891&amp;kat=20\">&lt;&lt;RISULTATI&gt;&gt;<\/a><\/p><p>Sito della gara: <a href=\"https:\/\/www.claropizzo.ch\">CLARO-PIZZO.ch<\/a><\/p><p><\/p><figure class=\"wp-block-image size-large\"><img decoding=\"async\" src=\"http:\/\/gab-bellinzona.ch\/wp\/wp-content\/uploads\/2020\/10\/8d691962-c428-41e0-9d23-c2504772129f-1.jpg\" alt=\"\" class=\"wp-image-8237\"\/><figcaption>Paola all&#8217;arrivo al laghetto Canee<\/figcaption><\/figure><figure class=\"wp-block-image size-large\"><img decoding=\"async\" src=\"http:\/\/gab-bellinzona.ch\/wp\/wp-content\/uploads\/2020\/10\/4571a48e-7f3c-4293-a945-459a823dac5f.jpg\" alt=\"\" class=\"wp-image-8238\"\/><figcaption>Paola all&#8217;arrivo con il presidente della Claro-Pizzo Kurt Bionda<\/figcaption><\/figure><figure class=\"wp-block-gallery columns-3 is-cropped wp-block-gallery-1 is-layout-flex wp-block-gallery-is-layout-flex\"><ul class=\"blocks-gallery-grid\"><li class=\"blocks-gallery-item\"><figure><img decoding=\"async\" src=\"http:\/\/gab-bellinzona.ch\/wp\/wp-content\/uploads\/2020\/10\/PHOTO-2020-10-04-16-31-19-3-768x1024.jpg\" alt=\"\" data-id=\"8227\" data-full-url=\"http:\/\/gab-bellinzona.ch\/wp\/wp-content\/uploads\/2020\/10\/PHOTO-2020-10-04-16-31-19-3.jpg\" data-link=\"http:\/\/gab-bellinzona.ch\/?attachment_id=8227\" class=\"wp-image-8227\"\/><\/figure><\/li><li class=\"blocks-gallery-item\"><figure><img decoding=\"async\" src=\"http:\/\/gab-bellinzona.ch\/wp\/wp-content\/uploads\/2020\/10\/PHOTO-2020-10-04-16-31-20-768x1024.jpg\" alt=\"\" data-id=\"8228\" data-full-url=\"http:\/\/gab-bellinzona.ch\/wp\/wp-content\/uploads\/2020\/10\/PHOTO-2020-10-04-16-31-20.jpg\" data-link=\"http:\/\/gab-bellinzona.ch\/?attachment_id=8228\" class=\"wp-image-8228\"\/><\/figure><\/li><li class=\"blocks-gallery-item\"><figure><img decoding=\"async\" src=\"http:\/\/gab-bellinzona.ch\/wp\/wp-content\/uploads\/2020\/10\/PHOTO-2020-10-04-16-31-19-768x1024.jpg\" alt=\"\" data-id=\"8229\" data-full-url=\"http:\/\/gab-bellinzona.ch\/wp\/wp-content\/uploads\/2020\/10\/PHOTO-2020-10-04-16-31-19.jpg\" data-link=\"http:\/\/gab-bellinzona.ch\/?attachment_id=8229\" class=\"wp-image-8229\"\/><\/figure><\/li><\/ul><\/figure>","protected":false},"excerpt":{"rendered":"<p>C&#8217;\u00e8 chi ha passato il divano e chi ha deciso di farsi una bella corretta in salita! Tra di essi anche Paola Stampanoni, la nostra atleta e membro di comitato, [&hellip;]<\/p>\n","protected":false},"author":2,"featured_media":0,"comment_status":"closed","ping_status":"closed","sticky":false,"template":"","format":"standard","meta":{"footnotes":""},"categories":[],"tags":[],"class_list":["post-808","post","type-post","status-publish","format-standard"],"_links":{"self":[{"href":"https:\/\/gab-bellinzona.ch\/online\/wp-json\/wp\/v2\/posts\/808","targetHints":{"allow":["GET"]}}],"collection":[{"href":"https:\/\/gab-bellinzona.ch\/online\/wp-json\/wp\/v2\/posts"}],"about":[{"href":"https:\/\/gab-bellinzona.ch\/online\/wp-json\/wp\/v2\/types\/post"}],"author":[{"embeddable":true,"href":"https:\/\/gab-bellinzona.ch\/online\/wp-json\/wp\/v2\/users\/2"}],"replies":[{"embeddable":true,"href":"https:\/\/gab-bellinzona.ch\/online\/wp-json\/wp\/v2\/comments?post=808"}],"version-history":[{"count":0,"href":"https:\/\/gab-bellinzona.ch\/online\/wp-json\/wp\/v2\/posts\/808\/revisions"}],"wp:attachment":[{"href":"https:\/\/gab-bellinzona.ch\/online\/wp-json\/wp\/v2\/media?parent=808"}],"wp:term":[{"taxonomy":"category","embeddable":true,"href":"https:\/\/gab-bellinzona.ch\/online\/wp-json\/wp\/v2\/categories?post=808"},{"taxonomy":"post_tag","embeddable":true,"href":"https:\/\/gab-bellinzona.ch\/online\/wp-json\/wp\/v2\/tags?post=808"}],"curies":[{"name":"wp","href":"https:\/\/api.w.org\/{rel}","templated":true}]}}