{"id":807,"date":"2020-10-03T11:51:09","date_gmt":"2020-10-03T09:51:09","guid":{"rendered":"http:\/\/gab-bellinzona.ch\/?p=8206"},"modified":"2020-10-03T18:13:47","modified_gmt":"2020-10-03T16:13:47","slug":"oggi-ct-staffette-giovanili-bellinzona","status":"publish","type":"post","link":"https:\/\/gab-bellinzona.ch\/online\/oggi-ct-staffette-giovanili-bellinzona\/","title":{"rendered":"RISULTATI: CT staffette giovanili &#8211; Bellinzona"},"content":{"rendered":"<p class=\"has-text-align-left\">Con le forti piogge e il fiume Ticino ad esondare la golena il sabato 3 ottobre 2020 \u00e8 cominciato in modo rovinoso, nel pomeriggio il cielo si \u00e8 per\u00f2 aperto e ha lasciato spazio anche a qualche raggio di sole. Ci\u00f2 a permesso un&#8217;ottima riuscita dei <strong>Campionati Ticinesi di staffette giovanili<\/strong>. Il tutto \u00e8 stato accompagnato da un&#8217;impeccabile organizzazione GAB. Ciliegina sulla torta della giornata \u00e8 stato il medagliere finale, che ha visto il GAB trionfare con <strong>3 ori, 3 argenti e un bronzo<\/strong>. Complimenti a tutti i giovani atleti scesi in pista! Essi hanno ancora una volta dimostrato il bel ambiente in casa <strong>GAB<\/strong> e l&#8217;unit\u00e0 della <strong>squadra.<\/strong> Un grazie a tutti gli allenatori e a tutti i collaboratori presenti allo stadio. Un applauso va a Mirco Moser, membro di comitato GAB e responsabile organizzazione meeting per l&#8217;ottimo lavoro. Forza GAB!<\/p><p><strong>RISULTATI GAB<\/strong><\/p><ul class=\"wp-block-list\"><li><strong>U16 W 5x80m <\/strong><em>(C.Peduzzi, G.Treppiedi, G.Ghisletta, C.Brechb\u00fchl, G.Berini)<\/em> Q 52&#8243;95 F 52&#8243;86 &#8211;<strong>> 2\u00b0 posto<\/strong><\/li><li><strong>U16 W 3x1000m<\/strong> <em>(E.Berini, E.Felice, G.Berini)<\/em> 10&#8217;32&#8243;82 <strong>-> 3\u00b0 posto<\/strong><\/li><li><strong>U18 W 4x100m<\/strong> <em>(N.Brechb\u00fchl, S.Cariboni, Z.Moser, M.Vitali)<\/em> 52&#8243;16 <strong>-> 2\u00b0 posto<\/strong><\/li><li><strong>U18 W Olimpionica 1 <\/strong><em><em>(S.Cariboni, M.Vitali, Z.Moser, N.Brechb\u00fchl)<\/em><\/em> 4&#8217;04&#8243;29 <strong>-> 1\u00b0 posto Campionesse Ticinesi<\/strong><\/li><li><strong>U18 W Olimpionica 2 <\/strong><em>(A.Felice, A.Cavadini, M.Blanc, S.Gianinazzi)<\/em> 4&#8217;30&#8243;90<\/li><li><strong>U18 M 4x100m<\/strong> <em>(G.Guidon, S.Gentilini, F.Balestra, N.Oberti)<\/em> 45&#8243;17 <strong>-> 1\u00b0 posto<\/strong> <strong>Campioni Ticinesi<\/strong><\/li><li><strong>U18 M Olimpionica 1<\/strong> <em>(S.Gentilini, F.Balestra, N.Oberti, J.Casavecchia)<\/em> 3&#8217;33&#8243;53 <strong>-> 1\u00b0 posto<\/strong> <strong>Campioni Ticinesi<\/strong><\/li><li><strong>U18 M Olimpionica 2<\/strong> <em>(G.Guidon, N.Cariboni G.Orelli, T.Meyer)<\/em> 3&#8217;42&#8243;42 <strong>-> 2\u00b0 posto<\/strong> <\/li><\/ul><p class=\"has-text-align-center\"><a href=\"https:\/\/slv.laportal.net\/Competitions\/Details\/3985\"><strong>&lt;&lt;RISULTATI COMPLETI>><\/strong><\/a><\/p><p class=\"has-text-align-center\"><a href=\"http:\/\/gab-bellinzona.ch\/archivio_foto\/\">&lt;&lt;FOTO>><\/a><\/p><figure class=\"wp-block-gallery columns-3 is-cropped wp-block-gallery-1 is-layout-flex wp-block-gallery-is-layout-flex\"><ul class=\"blocks-gallery-grid\"><li class=\"blocks-gallery-item\"><figure><img decoding=\"async\" src=\"http:\/\/gab-bellinzona.ch\/wp\/wp-content\/uploads\/2020\/10\/IMG_6501-768x1024.jpg\" alt=\"\" data-id=\"8215\" data-link=\"http:\/\/gab-bellinzona.ch\/oggi-ct-staffette-giovanili-bellinzona\/img_6501\/\" class=\"wp-image-8215\"\/><\/figure><\/li><li class=\"blocks-gallery-item\"><figure><img decoding=\"async\" src=\"http:\/\/gab-bellinzona.ch\/wp\/wp-content\/uploads\/2020\/10\/IMG_6487-1024x768.jpg\" alt=\"\" data-id=\"8216\" data-link=\"http:\/\/gab-bellinzona.ch\/oggi-ct-staffette-giovanili-bellinzona\/img_6487\/\" class=\"wp-image-8216\"\/><\/figure><\/li><li class=\"blocks-gallery-item\"><figure><img decoding=\"async\" src=\"http:\/\/gab-bellinzona.ch\/wp\/wp-content\/uploads\/2020\/10\/IMG_6449-1024x768.jpg\" alt=\"\" data-id=\"8218\" data-link=\"http:\/\/gab-bellinzona.ch\/oggi-ct-staffette-giovanili-bellinzona\/img_6449\/\" class=\"wp-image-8218\"\/><\/figure><\/li><li class=\"blocks-gallery-item\"><figure><img decoding=\"async\" src=\"http:\/\/gab-bellinzona.ch\/wp\/wp-content\/uploads\/2020\/10\/IMG_6427-768x1024.jpg\" alt=\"\" data-id=\"8220\" data-link=\"http:\/\/gab-bellinzona.ch\/oggi-ct-staffette-giovanili-bellinzona\/img_6427\/\" class=\"wp-image-8220\"\/><\/figure><\/li><li class=\"blocks-gallery-item\"><figure><img decoding=\"async\" src=\"http:\/\/gab-bellinzona.ch\/wp\/wp-content\/uploads\/2020\/10\/IMG_6412-768x1024.jpg\" alt=\"\" data-id=\"8221\" data-link=\"http:\/\/gab-bellinzona.ch\/oggi-ct-staffette-giovanili-bellinzona\/img_6412\/\" class=\"wp-image-8221\"\/><\/figure><\/li><li class=\"blocks-gallery-item\"><figure><img decoding=\"async\" src=\"http:\/\/gab-bellinzona.ch\/wp\/wp-content\/uploads\/2020\/10\/IMG_6482-768x1024.jpg\" alt=\"\" data-id=\"8222\" data-full-url=\"http:\/\/gab-bellinzona.ch\/wp\/wp-content\/uploads\/2020\/10\/IMG_6482-scaled.jpg\" data-link=\"http:\/\/gab-bellinzona.ch\/oggi-ct-staffette-giovanili-bellinzona\/img_6482\/\" class=\"wp-image-8222\"\/><\/figure><\/li><li class=\"blocks-gallery-item\"><figure><img decoding=\"async\" src=\"http:\/\/gab-bellinzona.ch\/wp\/wp-content\/uploads\/2020\/10\/IMG_6559-1024x768.jpg\" alt=\"\" data-id=\"8212\" data-link=\"http:\/\/gab-bellinzona.ch\/oggi-ct-staffette-giovanili-bellinzona\/img_6559\/\" class=\"wp-image-8212\"\/><\/figure><\/li><\/ul><\/figure><p>Per molti dei nostri atleti la stagione 2020 finisce qui, mentre Matilde Vitali sar\u00e0 in pista nell&#8217;ultima gara della stagione domenica 11 ottobre 2020 a Biasca:<a href=\"https:\/\/ftal.ch\/wp-content\/uploads\/2020\/09\/programma-di-massima.pdf\"> Campionati Ticinesi di gare multiple &#8211; Biasca <\/a><\/p>","protected":false},"excerpt":{"rendered":"<p>Con le forti piogge e il fiume Ticino ad esondare la golena il sabato 3 ottobre 2020 \u00e8 cominciato in modo rovinoso, nel pomeriggio il cielo si \u00e8 per\u00f2 aperto [&hellip;]<\/p>\n","protected":false},"author":2,"featured_media":0,"comment_status":"closed","ping_status":"closed","sticky":false,"template":"","format":"standard","meta":{"footnotes":""},"categories":[],"tags":[],"class_list":["post-807","post","type-post","status-publish","format-standard"],"_links":{"self":[{"href":"https:\/\/gab-bellinzona.ch\/online\/wp-json\/wp\/v2\/posts\/807","targetHints":{"allow":["GET"]}}],"collection":[{"href":"https:\/\/gab-bellinzona.ch\/online\/wp-json\/wp\/v2\/posts"}],"about":[{"href":"https:\/\/gab-bellinzona.ch\/online\/wp-json\/wp\/v2\/types\/post"}],"author":[{"embeddable":true,"href":"https:\/\/gab-bellinzona.ch\/online\/wp-json\/wp\/v2\/users\/2"}],"replies":[{"embeddable":true,"href":"https:\/\/gab-bellinzona.ch\/online\/wp-json\/wp\/v2\/comments?post=807"}],"version-history":[{"count":0,"href":"https:\/\/gab-bellinzona.ch\/online\/wp-json\/wp\/v2\/posts\/807\/revisions"}],"wp:attachment":[{"href":"https:\/\/gab-bellinzona.ch\/online\/wp-json\/wp\/v2\/media?parent=807"}],"wp:term":[{"taxonomy":"category","embeddable":true,"href":"https:\/\/gab-bellinzona.ch\/online\/wp-json\/wp\/v2\/categories?post=807"},{"taxonomy":"post_tag","embeddable":true,"href":"https:\/\/gab-bellinzona.ch\/online\/wp-json\/wp\/v2\/tags?post=807"}],"curies":[{"name":"wp","href":"https:\/\/api.w.org\/{rel}","templated":true}]}}