{"id":800,"date":"2020-09-16T10:35:20","date_gmt":"2020-09-16T08:35:20","guid":{"rendered":"http:\/\/gab-bellinzona.ch\/?p=8097"},"modified":"2020-09-27T21:16:59","modified_gmt":"2020-09-27T19:16:59","slug":"risultati-gala-dei-castelli-2020","status":"publish","type":"post","link":"https:\/\/gab-bellinzona.ch\/online\/risultati-gala-dei-castelli-2020\/","title":{"rendered":"Risultati: GAL\u00c0 DEI CASTELLI 2020"},"content":{"rendered":"<p>Al comunale di Bellinzona il Gal\u00e0 dei Castelli \u00e8 riuscito nuovamente a portare atleti di livello mondiale che hanno ottenuto fantastiche prestazioni di livello internazionale.<\/p><p>La serie dei 400Hm ha portato grande orgoglio al GAB dove il nostro Mattia Tajana si \u00e8 fatto valere con atleti di livello internazionale e davanti al suo pubblico \u00e8 riuscito ad ottenere il suo primo sub 51 della sua carriera, con il tempo di 50.98. Bravo Mattia! <\/p><p>Nella serie dei 100 U20 FTAL un altro grande risultato \u00e8 stato fatto da Nathan Oberti il quale dominando la sua gara \u00e8 riuscito a stabilire un fantastico personale fermando il cronometro a 10.99, eguagliando la miglior prestazione svizzera U18 del 2020.<\/p><p>Ottimi risultati anche nella serie dei 600m U16 dove Gaia Berini ha stabilito il suo nuovo personale (1.41.39) vincendo la gara mentre Leonardo Lafranchi (U16) ha terminato le sue fatiche con un tempo di 1.56.70. Nei 100m U20-U18 personale eguagliato di Filippo Balestra (11.92) e 7\u00b0 posto per Matilde Vitali (13.14). Nella 5xlibera U14 le nostre ragazze (Chiara Peduzzi, Sara Gianinazzi, Ester Felice, Elisa Berini, Ambra Stroppini) hanno ottenuto un 4\u00b0 posto con il tempo di 57.97.<\/p><p>Complimenti a tutti!! <\/p><div class=\"wp-block-file\"><a href=\"http:\/\/gab-bellinzona.ch\/wp\/wp-content\/uploads\/2020\/09\/Galadeicastelli_results.pdf\">&gt;&gt;&gt; RISULTATI<\/a><a href=\"http:\/\/gab-bellinzona.ch\/wp\/wp-content\/uploads\/2020\/09\/Galadeicastelli_results.pdf\" class=\"wp-block-file__button\" download>Download pdf<\/a><\/div><p>\u00b7&nbsp;&nbsp;&nbsp;&nbsp;&nbsp;&nbsp;&nbsp;&nbsp;&nbsp;10\u00b0 posto 600m U16 Leonardo Lafranchi 1.56.70 PB<\/p><p>\u00b7&nbsp;&nbsp;&nbsp;&nbsp;&nbsp;&nbsp;&nbsp;&nbsp;&nbsp;1\u00b0&nbsp;&nbsp; posto 600m U16 Gaia Berini 1.41.39 PB<\/p><p>\u00b7&nbsp;&nbsp;&nbsp;&nbsp;&nbsp;&nbsp;&nbsp;&nbsp;&nbsp;7\u00b0&nbsp;&nbsp; posto 100m U20-U18 Matilde Vitali 13.14<\/p><p>\u00b7&nbsp;&nbsp;&nbsp;&nbsp;&nbsp;&nbsp;&nbsp;&nbsp;&nbsp;1\u00b0&nbsp;&nbsp; posto 100m U20-U18 Nathan Oberti 10.99 PB<\/p><p>\u00b7&nbsp;&nbsp;&nbsp;&nbsp;&nbsp;&nbsp;&nbsp;&nbsp;&nbsp;8\u00b0&nbsp;&nbsp; posto 100m U20-U18 Filippo Balestra 11.92 PB =<\/p><p>\u00b7&nbsp;&nbsp;&nbsp;&nbsp;&nbsp;&nbsp;&nbsp;&nbsp;&nbsp;4\u00b0&nbsp;&nbsp; posto 5xlibera U14 Chiara Peduzzi, Sara Gianinazzi, Ester Felice, Elisa Berini, Ambra Stroppini 57.97<\/p><p>\u00b7&nbsp;&nbsp;&nbsp;&nbsp;&nbsp;&nbsp;&nbsp;&nbsp;&nbsp;Serie internazionale 400Hm Mattia Tajana 50.98 PB<\/p><p>Foto:&nbsp;<a href=\"https:\/\/www.athletix.ch\/photos-2020\/gal-dei-castelli-bellinzona-15092020\/\" target=\"_blank\" rel=\"noreferrer noopener\">https:\/\/www.athletix.ch\/photos-2020\/gal-dei-castelli-bellinzona-15092020\/<\/a><\/p><p>Intervista Mattia Tajana:&nbsp;<a href=\"https:\/\/antiphishing.gilai.ch\/proxy\/2\/cm9iZXJ0by5zaW1vbmVAdGkub2FpLmNo\/www.rsi.ch\/play\/tv\/sport-rsi\/video\/gala-dei-castelli-lintervista-a-mattia-tajana-15-09-2020?urn=urn:rsi:video:13419483\" target=\"_blank\" rel=\"noreferrer noopener\">https:\/\/www.rsi.ch\/play\/tv\/sport-rsi\/video\/gala-dei-castelli-lintervista-a-mattia-tajana-15-09-2020?urn=urn:rsi:video:13419483<\/a><\/p>","protected":false},"excerpt":{"rendered":"<p>Al comunale di Bellinzona il Gal\u00e0 dei Castelli \u00e8 riuscito nuovamente a portare atleti di livello mondiale che hanno ottenuto fantastiche prestazioni di livello internazionale. La serie dei 400Hm ha [&hellip;]<\/p>\n","protected":false},"author":2,"featured_media":0,"comment_status":"closed","ping_status":"closed","sticky":false,"template":"","format":"standard","meta":{"footnotes":""},"categories":[],"tags":[],"class_list":["post-800","post","type-post","status-publish","format-standard"],"_links":{"self":[{"href":"https:\/\/gab-bellinzona.ch\/online\/wp-json\/wp\/v2\/posts\/800","targetHints":{"allow":["GET"]}}],"collection":[{"href":"https:\/\/gab-bellinzona.ch\/online\/wp-json\/wp\/v2\/posts"}],"about":[{"href":"https:\/\/gab-bellinzona.ch\/online\/wp-json\/wp\/v2\/types\/post"}],"author":[{"embeddable":true,"href":"https:\/\/gab-bellinzona.ch\/online\/wp-json\/wp\/v2\/users\/2"}],"replies":[{"embeddable":true,"href":"https:\/\/gab-bellinzona.ch\/online\/wp-json\/wp\/v2\/comments?post=800"}],"version-history":[{"count":0,"href":"https:\/\/gab-bellinzona.ch\/online\/wp-json\/wp\/v2\/posts\/800\/revisions"}],"wp:attachment":[{"href":"https:\/\/gab-bellinzona.ch\/online\/wp-json\/wp\/v2\/media?parent=800"}],"wp:term":[{"taxonomy":"category","embeddable":true,"href":"https:\/\/gab-bellinzona.ch\/online\/wp-json\/wp\/v2\/categories?post=800"},{"taxonomy":"post_tag","embeddable":true,"href":"https:\/\/gab-bellinzona.ch\/online\/wp-json\/wp\/v2\/tags?post=800"}],"curies":[{"name":"wp","href":"https:\/\/api.w.org\/{rel}","templated":true}]}}