{"id":797,"date":"2020-09-10T20:03:00","date_gmt":"2020-09-10T18:03:00","guid":{"rendered":"http:\/\/gab-bellinzona.ch\/?p=8034"},"modified":"2020-09-12T18:05:49","modified_gmt":"2020-09-12T16:05:49","slug":"venerdi-e-sabato-cs-assoluti-basilea-live-stream-live-results","status":"publish","type":"post","link":"https:\/\/gab-bellinzona.ch\/online\/venerdi-e-sabato-cs-assoluti-basilea-live-stream-live-results\/","title":{"rendered":"RISULTATI: CS Assoluti &#8211; Basilea + foto"},"content":{"rendered":"<p class=\"has-text-align-center\"><a href=\"https:\/\/www.swiss-athletics.ch\/de\/live-resultate\/\">&lt;&lt;Risultati>><\/a><\/p><p>Pianificati per la fine a giugno ma poi posticipati causa Corona-Virus, i Campionati svizzeri assoluti si sono svolti in una splendida cornice in quel di Bellinzona. Venerd\u00ec 11 e sabato 12 settembre l&#8217;\u00e9lite svizzera si \u00e8 presentata per il secondo anno di fila allo stadio Sch\u00fctzenmatte di Basilea. Old Boys Basel e LC Basel, dopo la rinuncia della Federazione Ticinese, si sono infatti messe a disposizione per ripetere l&#8217;evento. A difendere i colori GAB ben 7 atleti, capitanati dal pluri-medagliato Mattia Tajana che era partito con ambizioni importanti da Bellinzona. Ad accompagnare il Team GAB i coach Alex Brechb\u00fchl, Enrico Cariboni e Monica Pellegrinelli. Forza ragazzi!!! Forza GAB<\/p><p><strong>Riassunto sabato<\/strong><\/p><p>Domenica era giornata di finali sulla pista rossa di Basilea. Per il GAB era in gara solo Mattia Tajana, visto che la finale del disco con Gillian si \u00e8 tenuta gi\u00e0 venerd\u00ec sera. Mattia dopo l&#8217;ottima performance nella qualifica (51&#8243;29), partiva dalla corsia 5. Dopo una partenza a buon ritmo, Mattia ha preso qualche metro sul rettilineo opposto per poi fare un gran recupero sul finale. Purtroppo il recupero finale non \u00e8 bastato per garantirgli un posto sul podio. Mattia torna per\u00f2 a casa con un 51&#8243;11 corso in finale, che \u00e8 solo a due centesimi dal suo personale. Anche senza l&#8217;ambita medaglia \u00e8 stato un ottimo weekend per lui, che marted\u00ec sera sar\u00e0 in gara al Gal\u00e0 dei Castelli. Bravo Mattia! Complimenti Monica per il tuo lavoro! Forza GAB<\/p><p><strong>Riassunto venerd\u00ec<\/strong><\/p><p>La prima a scendere in pista, o meglio in pedana, \u00e8 stata Gilian Ferrari. Gillian \u00e8 partita decisa dai primi lanci, infatti gi\u00e0 al secondo lancio si \u00e8 garantita l&#8217;accesso alla finale lanciando 39.11m nuovo primato personale. Lancio molto vicino al record ticinese juniores. In finale non \u00e8 poi riuscita a migliorarsi, finendo la gara nell&#8217;ottima ottava posizione. I 100m vedevano al via Nathan Oberti. Dopo una partenza di buon livello, Nathan ha provato a tenere il passo dei migliori, chiudendo la gara in 11&#8243;18.  \u00c8 stato poi il turno di Sabrina Innocenti che in prima serata ha corso i 400m. Dopo una partenza decisa, Sabrina ha chiuso la gara nel suo tempo stagionale migliore. Nelle batterie degli 800m ottimi risultati per Mara Moser e Siria Cariboni. Entrambe hanno chiuso la gara siglando un nuovo personal best. Mara ha chiuso la sua batteria al 3\u00b0 posto, poco distanziata dalla qualifica alla finale. Sempre sugli 800m era al via anche Mirko Tam\u00f2, che ha chiusa la gara in 1&#8217;56&#8243;34. Buona gara, peccato la sua batteria non sia stata una delle pi\u00f9 veloci. A chiudere le qualifiche ci ha pensato Mattia Tajana. Mattia ha impressionato la concorrenza, chiudendo il giro sulle 10 barriere in 51&#8243;29, secondo miglior tempo della sua carriera. Mattia andr\u00e0 alla caccia di una medaglia sabato alle 16:20. Complimenti a tutti e 7 gli atleti scesi in pista! FORZA GAB<\/p><p><strong>RISULTATI GAB<\/strong><\/p><ul class=\"wp-block-list\"><li><strong>Sabrina Innocenti<\/strong> 400m 59&#8243;05 <strong>SB<\/strong><\/li><li><strong>Mara Moser <\/strong>800m 2&#8217;12&#8243;27 <strong>PB<\/strong><\/li><li><strong>Siria Cariboni<\/strong> 800m 2&#8217;17&#8243;95 <strong>PB<\/strong><\/li><li><strong>Gillian Ferrari<\/strong> disco 39.11m <strong>PB<\/strong> <strong>-&gt; finale e 8\u00b0 posto<\/strong><\/li><li><strong>Nathan Oberti <\/strong>100m 11&#8243;18<\/li><li><strong>Mirko Tam\u00f2<\/strong> 800m 1&#8217;56&#8243;34<\/li><li><strong>Mattia Tajana<\/strong> 400mH <em>qualifica<\/em> 51&#8243;29 <strong>SB<\/strong> <strong>-&gt; <\/strong><em>finale<\/em> 51&#8243;11 <strong>SB<\/strong> <strong>-&gt; 4\u00b0 posto <\/strong><\/li><\/ul><p class=\"has-text-align-center\"><a href=\"https:\/\/www.swiss-athletics.ch\/de\/live-resultate\/\">&lt;&lt;Risultati completi>><\/a><\/p><p class=\"has-text-align-center\"><a href=\"https:\/\/www.athletix.ch\">&lt;&lt;FOTO ATHLETIX.ch>><\/a><\/p><div class=\"wp-block-image\"><figure class=\"aligncenter size-large is-resized\"><img loading=\"lazy\" decoding=\"async\" src=\"http:\/\/gab-bellinzona.ch\/wp\/wp-content\/uploads\/2020\/09\/CS.jpg\" alt=\"\" class=\"wp-image-8087\" width=\"279\" height=\"495\"\/><\/figure><\/div><figure class=\"wp-block-gallery columns-3 is-cropped wp-block-gallery-1 is-layout-flex wp-block-gallery-is-layout-flex\"><ul class=\"blocks-gallery-grid\"><li class=\"blocks-gallery-item\"><figure><img decoding=\"async\" src=\"http:\/\/gab-bellinzona.ch\/wp\/wp-content\/uploads\/2020\/09\/unnamed-file-1024x683.jpg\" alt=\"\" data-id=\"8071\" data-full-url=\"http:\/\/gab-bellinzona.ch\/wp\/wp-content\/uploads\/2020\/09\/unnamed-file.jpg\" data-link=\"http:\/\/gab-bellinzona.ch\/venerdi-e-sabato-cs-assoluti-basilea-live-stream-live-results\/unnamed-file\/\" class=\"wp-image-8071\"\/><\/figure><\/li><li class=\"blocks-gallery-item\"><figure><img decoding=\"async\" src=\"http:\/\/gab-bellinzona.ch\/wp\/wp-content\/uploads\/2020\/09\/6ee2b543-8814-4fb0-9884-a017f46b0b28-1-1024x683.jpg\" alt=\"\" data-id=\"8072\" data-full-url=\"http:\/\/gab-bellinzona.ch\/wp\/wp-content\/uploads\/2020\/09\/6ee2b543-8814-4fb0-9884-a017f46b0b28-1.jpg\" data-link=\"http:\/\/gab-bellinzona.ch\/venerdi-e-sabato-cs-assoluti-basilea-live-stream-live-results\/6ee2b543-8814-4fb0-9884-a017f46b0b28-1\/\" class=\"wp-image-8072\"\/><\/figure><\/li><li class=\"blocks-gallery-item\"><figure><img decoding=\"async\" src=\"http:\/\/gab-bellinzona.ch\/wp\/wp-content\/uploads\/2020\/09\/746b6629-9e88-4451-8fd2-2cd7f8f7293c-1-1024x493.jpg\" alt=\"\" data-id=\"8073\" data-full-url=\"http:\/\/gab-bellinzona.ch\/wp\/wp-content\/uploads\/2020\/09\/746b6629-9e88-4451-8fd2-2cd7f8f7293c-1.jpg\" data-link=\"http:\/\/gab-bellinzona.ch\/venerdi-e-sabato-cs-assoluti-basilea-live-stream-live-results\/746b6629-9e88-4451-8fd2-2cd7f8f7293c-1\/\" class=\"wp-image-8073\"\/><\/figure><\/li><li class=\"blocks-gallery-item\"><figure><img decoding=\"async\" src=\"http:\/\/gab-bellinzona.ch\/wp\/wp-content\/uploads\/2020\/09\/IMG_6012-3-1024x416.jpg\" alt=\"\" data-id=\"8074\" data-full-url=\"http:\/\/gab-bellinzona.ch\/wp\/wp-content\/uploads\/2020\/09\/IMG_6012-3.jpg\" data-link=\"http:\/\/gab-bellinzona.ch\/venerdi-e-sabato-cs-assoluti-basilea-live-stream-live-results\/img_6012-3\/\" class=\"wp-image-8074\"\/><\/figure><\/li><li class=\"blocks-gallery-item\"><figure><img decoding=\"async\" src=\"http:\/\/gab-bellinzona.ch\/wp\/wp-content\/uploads\/2020\/09\/IMG_6039-1-1024x768.jpg\" alt=\"\" data-id=\"8075\" data-full-url=\"http:\/\/gab-bellinzona.ch\/wp\/wp-content\/uploads\/2020\/09\/IMG_6039-1-scaled.jpg\" data-link=\"http:\/\/gab-bellinzona.ch\/venerdi-e-sabato-cs-assoluti-basilea-live-stream-live-results\/img_6039-1\/\" class=\"wp-image-8075\"\/><\/figure><\/li><li class=\"blocks-gallery-item\"><figure><img decoding=\"async\" src=\"http:\/\/gab-bellinzona.ch\/wp\/wp-content\/uploads\/2020\/09\/large_1a966fbc2_Schweizermeisterschaften-8870TL-1024x684.jpg\" alt=\"\" data-id=\"8076\" data-full-url=\"http:\/\/gab-bellinzona.ch\/wp\/wp-content\/uploads\/2020\/09\/large_1a966fbc2_Schweizermeisterschaften-8870TL.jpg\" data-link=\"http:\/\/gab-bellinzona.ch\/venerdi-e-sabato-cs-assoluti-basilea-live-stream-live-results\/large_1a966fbc2_schweizermeisterschaften-8870tl\/\" class=\"wp-image-8076\"\/><\/figure><\/li><li class=\"blocks-gallery-item\"><figure><img decoding=\"async\" src=\"http:\/\/gab-bellinzona.ch\/wp\/wp-content\/uploads\/2020\/09\/large_1f6f546fb_Schweizermeisterschaften-0716TL-1024x683.jpg\" alt=\"\" data-id=\"8077\" data-full-url=\"http:\/\/gab-bellinzona.ch\/wp\/wp-content\/uploads\/2020\/09\/large_1f6f546fb_Schweizermeisterschaften-0716TL.jpg\" data-link=\"http:\/\/gab-bellinzona.ch\/venerdi-e-sabato-cs-assoluti-basilea-live-stream-live-results\/large_1f6f546fb_schweizermeisterschaften-0716tl\/\" class=\"wp-image-8077\"\/><\/figure><\/li><li class=\"blocks-gallery-item\"><figure><img decoding=\"async\" src=\"http:\/\/gab-bellinzona.ch\/wp\/wp-content\/uploads\/2020\/09\/large_72c25b6bd_Schweizermeisterschaften-8891TL-1024x684.jpg\" alt=\"\" data-id=\"8078\" data-full-url=\"http:\/\/gab-bellinzona.ch\/wp\/wp-content\/uploads\/2020\/09\/large_72c25b6bd_Schweizermeisterschaften-8891TL.jpg\" data-link=\"http:\/\/gab-bellinzona.ch\/venerdi-e-sabato-cs-assoluti-basilea-live-stream-live-results\/large_72c25b6bd_schweizermeisterschaften-8891tl\/\" class=\"wp-image-8078\"\/><\/figure><\/li><li class=\"blocks-gallery-item\"><figure><img decoding=\"async\" src=\"http:\/\/gab-bellinzona.ch\/wp\/wp-content\/uploads\/2020\/09\/large_389e5ffc3_Schweizermeisterschaften-8940TL-1024x684.jpg\" alt=\"\" data-id=\"8079\" data-full-url=\"http:\/\/gab-bellinzona.ch\/wp\/wp-content\/uploads\/2020\/09\/large_389e5ffc3_Schweizermeisterschaften-8940TL.jpg\" data-link=\"http:\/\/gab-bellinzona.ch\/venerdi-e-sabato-cs-assoluti-basilea-live-stream-live-results\/large_389e5ffc3_schweizermeisterschaften-8940tl\/\" class=\"wp-image-8079\"\/><\/figure><\/li><li class=\"blocks-gallery-item\"><figure><img decoding=\"async\" src=\"http:\/\/gab-bellinzona.ch\/wp\/wp-content\/uploads\/2020\/09\/large_762b4726f_Schweizermeisterschaften-1393TL-1024x683.jpg\" alt=\"\" data-id=\"8080\" data-full-url=\"http:\/\/gab-bellinzona.ch\/wp\/wp-content\/uploads\/2020\/09\/large_762b4726f_Schweizermeisterschaften-1393TL.jpg\" data-link=\"http:\/\/gab-bellinzona.ch\/venerdi-e-sabato-cs-assoluti-basilea-live-stream-live-results\/large_762b4726f_schweizermeisterschaften-1393tl\/\" class=\"wp-image-8080\"\/><\/figure><\/li><li class=\"blocks-gallery-item\"><figure><img decoding=\"async\" src=\"http:\/\/gab-bellinzona.ch\/wp\/wp-content\/uploads\/2020\/09\/large_0524975d8_20200911_Leichtathletik_Basel__04936US-1024x683.jpg\" alt=\"\" data-id=\"8081\" data-full-url=\"http:\/\/gab-bellinzona.ch\/wp\/wp-content\/uploads\/2020\/09\/large_0524975d8_20200911_Leichtathletik_Basel__04936US.jpg\" data-link=\"http:\/\/gab-bellinzona.ch\/venerdi-e-sabato-cs-assoluti-basilea-live-stream-live-results\/large_0524975d8_20200911_leichtathletik_basel__04936us\/\" class=\"wp-image-8081\"\/><\/figure><\/li><li class=\"blocks-gallery-item\"><figure><img decoding=\"async\" src=\"http:\/\/gab-bellinzona.ch\/wp\/wp-content\/uploads\/2020\/09\/large_c7de3eeb1_Schweizermeisterschaften-0717TL-1024x683.jpg\" alt=\"\" data-id=\"8082\" data-full-url=\"http:\/\/gab-bellinzona.ch\/wp\/wp-content\/uploads\/2020\/09\/large_c7de3eeb1_Schweizermeisterschaften-0717TL.jpg\" data-link=\"http:\/\/gab-bellinzona.ch\/venerdi-e-sabato-cs-assoluti-basilea-live-stream-live-results\/large_c7de3eeb1_schweizermeisterschaften-0717tl\/\" class=\"wp-image-8082\"\/><\/figure><\/li><\/ul><\/figure><figure class=\"wp-block-embed-youtube wp-block-embed is-type-video is-provider-youtube wp-embed-aspect-16-9 wp-has-aspect-ratio\"><div class=\"wp-block-embed__wrapper\">\n<div class=\"youtube-embed\" data-video_id=\"n6bLUapjFVY\"><iframe loading=\"lazy\" title=\"Preview: CS Assoluti Basilea 2020\" width=\"696\" height=\"392\" src=\"https:\/\/www.youtube.com\/embed\/n6bLUapjFVY?feature=oembed&#038;enablejsapi=1&#038;enablejsapi=1\" frameborder=\"0\" allow=\"accelerometer; autoplay; clipboard-write; encrypted-media; gyroscope; picture-in-picture\" allowfullscreen><\/iframe><\/div>\n<\/div><figcaption>SCEGLI IL TUO ATLETA!<\/figcaption><\/figure>","protected":false},"excerpt":{"rendered":"<p>&lt;&lt;Risultati>> Pianificati per la fine a giugno ma poi posticipati causa Corona-Virus, i Campionati svizzeri assoluti si sono svolti in una splendida cornice in quel di Bellinzona. Venerd\u00ec 11 e [&hellip;]<\/p>\n","protected":false},"author":2,"featured_media":0,"comment_status":"closed","ping_status":"closed","sticky":false,"template":"","format":"standard","meta":{"footnotes":""},"categories":[],"tags":[],"class_list":["post-797","post","type-post","status-publish","format-standard"],"_links":{"self":[{"href":"https:\/\/gab-bellinzona.ch\/online\/wp-json\/wp\/v2\/posts\/797","targetHints":{"allow":["GET"]}}],"collection":[{"href":"https:\/\/gab-bellinzona.ch\/online\/wp-json\/wp\/v2\/posts"}],"about":[{"href":"https:\/\/gab-bellinzona.ch\/online\/wp-json\/wp\/v2\/types\/post"}],"author":[{"embeddable":true,"href":"https:\/\/gab-bellinzona.ch\/online\/wp-json\/wp\/v2\/users\/2"}],"replies":[{"embeddable":true,"href":"https:\/\/gab-bellinzona.ch\/online\/wp-json\/wp\/v2\/comments?post=797"}],"version-history":[{"count":0,"href":"https:\/\/gab-bellinzona.ch\/online\/wp-json\/wp\/v2\/posts\/797\/revisions"}],"wp:attachment":[{"href":"https:\/\/gab-bellinzona.ch\/online\/wp-json\/wp\/v2\/media?parent=797"}],"wp:term":[{"taxonomy":"category","embeddable":true,"href":"https:\/\/gab-bellinzona.ch\/online\/wp-json\/wp\/v2\/categories?post=797"},{"taxonomy":"post_tag","embeddable":true,"href":"https:\/\/gab-bellinzona.ch\/online\/wp-json\/wp\/v2\/tags?post=797"}],"curies":[{"name":"wp","href":"https:\/\/api.w.org\/{rel}","templated":true}]}}