{"id":793,"date":"2020-08-27T12:38:06","date_gmt":"2020-08-27T10:38:06","guid":{"rendered":"http:\/\/gab-bellinzona.ch\/?p=7878"},"modified":"2020-08-30T19:28:59","modified_gmt":"2020-08-30T17:28:59","slug":"in-arrivo-ct-assoluti-bellinzona","status":"publish","type":"post","link":"https:\/\/gab-bellinzona.ch\/online\/in-arrivo-ct-assoluti-bellinzona\/","title":{"rendered":"RISULTATI: CT Assoluti + U20 &#8211; Bellinzona"},"content":{"rendered":"<p>Si sono svolti (sabato 29 e domenica 30) i Campionati Ticinesi assoluti e U20 di atletica. Ancora una volta il GAB ha portato in pista una lunga lista di atleti (30) portandosi a casa 18 medaglie!<\/p><p><strong>Sintesi seconda giornate di gare<\/strong><\/p><p>Si \u00e8 chiusa con un bellissimo sole la seconda giornate di gare al Comunale. Giornata che ha visto il Gab aggiudicarsi un bel numero di medaglie (7 + 3 U20). Il primo a scendere in pedana \u00e8 stato Alex, che con 33.48m si \u00e8 avvicinato alla sua miglior misura stagionale. Poco dopo nei 200m Matilde si \u00e8 qualificata per la seconda volta nel weekend all&#8217;ambita finale. Finale che Matilde ha chiuso al terzo posto. Nei 200m maschile non \u00e8 riuscito l&#8217;acuto a Nicola, che con 24&#8243;20 non \u00e8 riuscito a migliorarsi. Gara in solitaria per Mattia Tajana nei 400mH. Solo ha partire Mattia ha condotto una buona gara chiudendo in 53&#8243;13. Negli 800m grande vittoria di Mara Moser. Dal primo metro in testa Mara ha dominato le avversarie, che hanno tentato invano di riacciuffarla. In campo maschile non \u00e8 bastata una potente azione a 500m dall&#8217;arrivo a Mirko per aggiudicarsi il titolo. Buono comunque il secondo posto, davanti al compare Elia Bizzozero. Sempre negli 800m titolo cantonale U20 per Filippo Balestra. Gillian Ferrari si porta a casa il titolo assoluto e U20 nel lancio del disco con un gran lancio, mentre nel peso si \u00e8 piazzata al secondo posto. Bravissimi tutti gli atleti in gara! Grazie agli allenatori e ai sostenitori presenti in pista! FORZA GAB.<\/p><div class=\"wp-block-image\"><figure class=\"aligncenter size-large is-resized\"><img loading=\"lazy\" decoding=\"async\" src=\"http:\/\/gab-bellinzona.ch\/wp\/wp-content\/uploads\/2020\/08\/0_Post_Instagram_medaglie_domenica_CT-1024x1024.jpg\" alt=\"\" class=\"wp-image-7918\" width=\"512\" height=\"512\"\/><\/figure><\/div><p><strong>Sintesi prima giornate di gare<\/strong><\/p><p>La giornata di sabato \u00e8 cominciata con una pessima meteo, infatti vi era un&#8217;avviso di grado 5 per pericoli idrogeologici. Nonostante ci\u00f2 gli atleti, coaches e spettatori accorsi allo stadio Comunale hanno vissuto un pomeriggio quasi interamente asciutto. A disturbare un po&#8217; i Campionati Ticinesi era rimasto solo un po&#8217; di vento e le basse temperature fredde portate dai temporali. Gli atleti GAB non si sono fatti per\u00f2 scoraggiare e gi\u00e0 nelle prime batterie dei 100m sono andati a cogliere ottimi risultati. Tra le ragazze Matilde e Sabrina si sono qualificate per la finale, dove sotto il diluvio sono in parte riuscite a migliorarsi. Mentre tra i ragazzi ci ha pensato Nathan ad agguantare la finale, finale dove \u00e8 andato a prendersi la medaglia d&#8217;argento e il titolo U20. Sui 400m Mara Moser \u00e8 stata battuta solo dalla fresca campionessa svizzera U20 Tessa Tedeschi, diventando cos\u00ec la vice-campionessa ticinese. Analogamente ma in campo maschile, Mattia Tajana ha conquistato il secondo posto in buon tempo, nonostante il vento che ha rallentato la sua andatura. Nei 100mH femminili Selene si \u00e8 migliorata di 3 decimi \u00e8 ha colto il secondo posto finale. Sui 1500m cavalcata di Gaia che si \u00e8 aggiudicata la medaglia di bronzo. Gara tattica invece in campo maschile, dove Lukas ha messo in riga la giovane concorrenza sui 100m finali. 1500m che hanno visto Siro Gentilini aggiudicarsi il titolo U20. Complimenti a tutti! Forza GAB<\/p><div class=\"wp-block-image\"><figure class=\"aligncenter size-large is-resized\"><img loading=\"lazy\" decoding=\"async\" src=\"http:\/\/gab-bellinzona.ch\/wp\/wp-content\/uploads\/2020\/08\/0_Post_Instagram_medaglie_sabato2_CT-1024x1024.jpg\" alt=\"\" class=\"wp-image-7906\" width=\"512\" height=\"512\"\/><\/figure><\/div><p><strong>Risultati GAB<\/strong><\/p><ul class=\"wp-block-list\"><li>Matilde Vitali 100m <em>qualifica<\/em> 13&#8243;26 <em>finale<\/em> 12&#8243;99 &#8211; 200m <em>qualifica<\/em> 27&#8243;01 <em>finale <\/em>26&#8243;96 <strong>-> <em>3\u00b0 posto CT Assoluti<\/em><\/strong><\/li><li>Sabrina Colotti 100m <em>qualifica<\/em> 13&#8243;39 <strong>SB<\/strong> <em>finale<\/em> 13&#8243;42 &#8211; 200m 28&#8243;28 <strong>SB<\/strong><\/li><li>Giulia Treppiedi 100m 13&#8243;82<\/li><li>Selene Tajana 100m 13&#8243;96 &#8211; 200m 28&#8243;39 <strong>PB<\/strong> &#8211; 100mH 16&#8243;08 <strong>PB<\/strong> <strong>-> <em>2\u00b0 posto \/ vice campionessa ticinese assoluta<\/em><\/strong><\/li><li>Federica Pellegrini 100m 14&#8243;55<\/li><li>Rachele D&#8217;Ottavio 200m (domenica)<\/li><li>Mara Moser 400m 58&#8243;80 <strong>-> <em>2\u00b0 posto \/ vice campionessa ticinese assoluta (Campionessa ticinese U20)<\/em><\/strong> 800m 2&#8217;16&#8243;42 <strong>-> <em>1\u00b0 posto \/ campionessa ticinese assoluta (Campionessa ticinese U20)<\/em><\/strong><\/li><li>Siria Cariboni 400m 60&#8243;48 <strong>PB<\/strong> 800m 2&#8217;23&#8243;15<\/li><li>Sabrina Innocenti 400m 60&#8243;67<\/li><li>Zoe Moser 400m 64&#8243;48<\/li><li>Laura Toffoli 400m <em>&#8220;ritiro per infortunio&#8221;<\/em><\/li><li>Gaia Berini 1500m 5&#8217;03&#8243;41 <strong>-> <em>3\u00b0 posto CT Assoluti <\/em><\/strong><\/li><li>Jeanette Bragagnolo 1500m 5&#8217;16&#8243;54 <strong>SB<\/strong><\/li><li>Adele Felice 1500m 5&#8217;28&#8243;39 <strong>PB<\/strong><\/li><li>Gillian Ferrari giavellotto 30.26m &#8211; disco 38.15m <strong>-> <em>1\u00b0 posto \/ campionessa ticinese assoluta<\/em><\/strong> <strong><em>(Campionessa ticinese U20)<\/em><\/strong> &#8211; peso 10.94m <strong>-><\/strong> <strong><em>2\u00b0 posto \/ vice campione ticinese assoluto<\/em><\/strong><\/li><li>Nathan Oberti 100m <em>qualifica <\/em>11&#8217;08 &#8211; <em>finale<\/em> 11&#8243;13 <strong>-> <em>2\u00b0 posto \/ vice campione ticinese assoluto (Campione ticinese U20)<\/em><\/strong><\/li><li>Nicola Lo Russo 100m 11&#8243;88 <strong>SB<\/strong> &#8211; 200m 24&#8243;20 <strong>SB<\/strong><\/li><li>Giacomo Cariboni 100m 12&#8243;18 <strong>SB<\/strong><\/li><li>Mattia Tajana 400m 49&#8243;12 <strong><em>-> 2\u00b0 posto \/ vice campione ticinese <\/em><\/strong> &#8211; 400mH 53&#8243;13 <strong><em>-> 1\u00b0 posto \/ campione ticinese<\/em><\/strong><\/li><li>Mirko Tam\u00f2 400m 51&#8243;50 &#8211; 800m 1&#8217;58&#8243;56 <strong><em>-> 2\u00b0 posto \/ vice campione ticinese<\/em><\/strong><\/li><li>Elia Bizzozero  1500m 4&#8217;25&#8243;41 <strong>SB<\/strong> &#8211; 800m 2&#8217;00&#8243;10 <strong>-> <em>3\u00b0 posto CT Assolut<\/em><\/strong>i<\/li><li>Filippo Balestra 800m 2&#8217;01&#8243;71 <strong>-> <em>Campione ticinese U20<\/em><\/strong><\/li><li>Luca Innocenti 800m 2&#8217;03&#8243;89<\/li><li>Gulian Guidon 800m 2&#8217;07&#8243;57<\/li><li>Lukas Oehen 1500m 4&#8217;07&#8243;39 <strong>-> <em>1\u00b0 posto Campione ticinese <\/em><\/strong><\/li><li>Siro Gentilini 1500m 4&#8217;17&#8243;17 <strong>-> <em>Campione ticinese U20<\/em><\/strong><\/li><li>Mattia Verzaroli 1500m 4&#8217;17&#8243;29<\/li><li>Mattia Fumagalli 1500m 4&#8217;25&#8243;20<\/li><li>Alex Brechb\u00fchl disco 33.48m <\/li><\/ul><p class=\"has-text-align-center\"><a href=\"https:\/\/www.swiss-athletics.ch\/de\/live-resultate\/\">&lt;&lt;RISULTATI COMPLETI>><\/a><\/p><figure class=\"wp-block-gallery columns-3 is-cropped wp-block-gallery-1 is-layout-flex wp-block-gallery-is-layout-flex\"><ul class=\"blocks-gallery-grid\"><li class=\"blocks-gallery-item\"><figure><img decoding=\"async\" src=\"http:\/\/gab-bellinzona.ch\/wp\/wp-content\/uploads\/2020\/08\/bd8133e9-ea93-461f-858a-0a821dfc09d2-1024x768.jpg\" alt=\"\" data-id=\"7895\" data-link=\"http:\/\/gab-bellinzona.ch\/in-arrivo-ct-assoluti-bellinzona\/bd8133e9-ea93-461f-858a-0a821dfc09d2\/\" class=\"wp-image-7895\"\/><\/figure><\/li><li class=\"blocks-gallery-item\"><figure><img decoding=\"async\" src=\"http:\/\/gab-bellinzona.ch\/wp\/wp-content\/uploads\/2020\/08\/17625bc9-6ef1-4912-8cf6-0835254f545f-1024x768.jpg\" alt=\"\" data-id=\"7896\" data-link=\"http:\/\/gab-bellinzona.ch\/in-arrivo-ct-assoluti-bellinzona\/17625bc9-6ef1-4912-8cf6-0835254f545f\/\" class=\"wp-image-7896\"\/><\/figure><\/li><li class=\"blocks-gallery-item\"><figure><img decoding=\"async\" src=\"http:\/\/gab-bellinzona.ch\/wp\/wp-content\/uploads\/2020\/08\/IMG_5600-768x1024.jpg\" alt=\"\" data-id=\"7899\" data-full-url=\"http:\/\/gab-bellinzona.ch\/wp\/wp-content\/uploads\/2020\/08\/IMG_5600-scaled.jpg\" data-link=\"http:\/\/gab-bellinzona.ch\/in-arrivo-ct-assoluti-bellinzona\/img_5600\/\" class=\"wp-image-7899\"\/><\/figure><\/li><\/ul><\/figure>","protected":false},"excerpt":{"rendered":"<p>Si sono svolti (sabato 29 e domenica 30) i Campionati Ticinesi assoluti e U20 di atletica. Ancora una volta il GAB ha portato in pista una lunga lista di atleti [&hellip;]<\/p>\n","protected":false},"author":2,"featured_media":0,"comment_status":"closed","ping_status":"closed","sticky":false,"template":"","format":"standard","meta":{"footnotes":""},"categories":[],"tags":[],"class_list":["post-793","post","type-post","status-publish","format-standard"],"_links":{"self":[{"href":"https:\/\/gab-bellinzona.ch\/online\/wp-json\/wp\/v2\/posts\/793","targetHints":{"allow":["GET"]}}],"collection":[{"href":"https:\/\/gab-bellinzona.ch\/online\/wp-json\/wp\/v2\/posts"}],"about":[{"href":"https:\/\/gab-bellinzona.ch\/online\/wp-json\/wp\/v2\/types\/post"}],"author":[{"embeddable":true,"href":"https:\/\/gab-bellinzona.ch\/online\/wp-json\/wp\/v2\/users\/2"}],"replies":[{"embeddable":true,"href":"https:\/\/gab-bellinzona.ch\/online\/wp-json\/wp\/v2\/comments?post=793"}],"version-history":[{"count":0,"href":"https:\/\/gab-bellinzona.ch\/online\/wp-json\/wp\/v2\/posts\/793\/revisions"}],"wp:attachment":[{"href":"https:\/\/gab-bellinzona.ch\/online\/wp-json\/wp\/v2\/media?parent=793"}],"wp:term":[{"taxonomy":"category","embeddable":true,"href":"https:\/\/gab-bellinzona.ch\/online\/wp-json\/wp\/v2\/categories?post=793"},{"taxonomy":"post_tag","embeddable":true,"href":"https:\/\/gab-bellinzona.ch\/online\/wp-json\/wp\/v2\/tags?post=793"}],"curies":[{"name":"wp","href":"https:\/\/api.w.org\/{rel}","templated":true}]}}