{"id":792,"date":"2020-08-21T13:01:51","date_gmt":"2020-08-21T11:01:51","guid":{"rendered":"http:\/\/gab-bellinzona.ch\/?p=7849"},"modified":"2020-08-24T17:01:57","modified_gmt":"2020-08-24T15:01:57","slug":"live-cs-u20-u23-sabato-22-e-domenica-23-agosto-live-stream-risultati","status":"publish","type":"post","link":"https:\/\/gab-bellinzona.ch\/online\/live-cs-u20-u23-sabato-22-e-domenica-23-agosto-live-stream-risultati\/","title":{"rendered":"RISULTATI: CS U20\/U23 &#8211; Frauenfeld + VIDEO riassunto"},"content":{"rendered":"<p class=\"has-text-align-center\"><a href=\"https:\/\/www.youtube.com\/watch?v=xg7Fd-S83kg&amp;feature=youtu.be\">&lt;&lt;Guarda il video con gli atleti GAB dei CS U20\/U23>><\/a><\/p><p><\/p><figure class=\"wp-block-video\"><video controls src=\"blob:http:\/\/gab-bellinzona.ch\/cc512c72-55fc-4192-ab30-4933d0898a4c\"><\/video><\/figure><p>Sabato 22 e domenica 23 si sono corsi a Frauenfeld i Campionati svizzeri U20-U23. Gli atleti GAB hanno portato a casa 4 finali, con Mara negli 800m, Mattia 1500m e Gillian peso e disco. Nonostante gli ottimi risultati, quest&#8217;anno \u00e8 mancata la prestazione da medaglia. Nonostante ci\u00f2 ancora una volta si \u00e8 visto il lavoro svolto a livello giovanile della nostra societ\u00e0, capace di portare ben 9 atleti alla manifestazione. Complimenti a tutti gli atleti!!! Grazie agli allenatori e sostenitori presenti a Frauenfeld.<\/p><p><strong>RISULTATI<\/strong><\/p><ul class=\"wp-block-list\"><li>Selene Tajana U20 100mH 16&#8243;65<\/li><li>Laura Toffoli U20 400m 64&#8243;90<\/li><li>Moser Mara U23 800m Qualifica 2&#8217;18&#8243;00, Finale 2&#8217;14&#8243;87 <strong>-&gt; 5\u00b0 posto<\/strong><\/li><li>Gillian Ferrari U20 Peso 10.72m <strong>-&gt; 5\u00b0 posto<\/strong>, disco 36.63m <strong>-&gt; 6\u00b0 posto<\/strong><\/li><li>Sabrina Innocenti U23 400m 61&#8243;31<\/li><li>Julian R\u00fcfenacht U20 200m <em>&#8220;rinuncia per infortunio&#8221;<\/em><\/li><li>Luca Innocenti U20 800m 2&#8217;06&#8243;03<\/li><li>Mattia Verzaroli U20 1500m Qualifica 4&#8217;09&#8243;64, Finale 4&#8217;17&#8243;01 <strong>-&gt; 12\u00b0 posto<\/strong><\/li><li>Elia Bizzozero U23 800m 1&#8217;58&#8243;60<\/li><\/ul><p class=\"has-text-align-center\"><a href=\"https:\/\/event.lcfrauenfeld.ch\/wettkampf-competition\/\">Sito della manifestazione<\/a><\/p><p class=\"has-text-align-center\"><a href=\"https:\/\/www.swiss-athletics.ch\/de\/live-resultate\/\">&lt;&lt;RISULTATI UFFICIALI&gt;&gt;<\/a><\/p><p class=\"has-text-align-center\"><a href=\"https:\/\/www.athletix.ch\/photos-2020\/nachwuchs-sm-u20u23-frauenfeld-22-23082020\/\">&lt;&lt;FOTO dei CS (Atheltix.ch)&gt;&gt;<\/a><\/p><p>Prossimo appuntamento: <a href=\"https:\/\/ftal.ch\/wp-content\/uploads\/2020\/08\/Locandina-con-loghi_V2.pdf\">CAMPIONATI TICINESI INDIVIDUALI ASSOLUTI E U20 &#8211; Bellinzona<\/a><\/p>","protected":false},"excerpt":{"rendered":"<p>&lt;&lt;Guarda il video con gli atleti GAB dei CS U20\/U23>> Sabato 22 e domenica 23 si sono corsi a Frauenfeld i Campionati svizzeri U20-U23. Gli atleti GAB hanno portato a [&hellip;]<\/p>\n","protected":false},"author":2,"featured_media":0,"comment_status":"closed","ping_status":"closed","sticky":false,"template":"","format":"standard","meta":{"footnotes":""},"categories":[],"tags":[],"class_list":["post-792","post","type-post","status-publish","format-standard"],"_links":{"self":[{"href":"https:\/\/gab-bellinzona.ch\/online\/wp-json\/wp\/v2\/posts\/792","targetHints":{"allow":["GET"]}}],"collection":[{"href":"https:\/\/gab-bellinzona.ch\/online\/wp-json\/wp\/v2\/posts"}],"about":[{"href":"https:\/\/gab-bellinzona.ch\/online\/wp-json\/wp\/v2\/types\/post"}],"author":[{"embeddable":true,"href":"https:\/\/gab-bellinzona.ch\/online\/wp-json\/wp\/v2\/users\/2"}],"replies":[{"embeddable":true,"href":"https:\/\/gab-bellinzona.ch\/online\/wp-json\/wp\/v2\/comments?post=792"}],"version-history":[{"count":0,"href":"https:\/\/gab-bellinzona.ch\/online\/wp-json\/wp\/v2\/posts\/792\/revisions"}],"wp:attachment":[{"href":"https:\/\/gab-bellinzona.ch\/online\/wp-json\/wp\/v2\/media?parent=792"}],"wp:term":[{"taxonomy":"category","embeddable":true,"href":"https:\/\/gab-bellinzona.ch\/online\/wp-json\/wp\/v2\/categories?post=792"},{"taxonomy":"post_tag","embeddable":true,"href":"https:\/\/gab-bellinzona.ch\/online\/wp-json\/wp\/v2\/tags?post=792"}],"curies":[{"name":"wp","href":"https:\/\/api.w.org\/{rel}","templated":true}]}}