{"id":773,"date":"2020-06-21T11:44:18","date_gmt":"2020-06-21T09:44:18","guid":{"rendered":"http:\/\/gab-bellinzona.ch\/?p=7621"},"modified":"2020-06-21T11:44:19","modified_gmt":"2020-06-21T09:44:19","slug":"risultati-meeting-meilen","status":"publish","type":"post","link":"https:\/\/gab-bellinzona.ch\/online\/risultati-meeting-meilen\/","title":{"rendered":"RISULTATI: Meeting Meilen"},"content":{"rendered":"<p><strong>La stagione \u00e8 lanciata!<\/strong><\/p><p>La prima gara outdoor della stagione \u00e8 stata anche sinonimo di trasferta al nord delle Alpi. Sabato 20 giugno 6 mezzofondisti hanno partecipato al Meeting di Meilen, avendo cos\u00ec la possibilit\u00e0 di mostrare che nel periodo di lockdown a Bellinzona ci si \u00e8 allenati e anche bene. I risultati sono stati molto incoraggianti. Le prime a scendere in pista sono state Sabrina e Laura, al via sui 300m. Sabrina ha corso un buona gara, che le ha permesso di ritrovare il feeling con la distanza. Purtroppo Laura si \u00e8 infortunata durante la prima fase di gara. Le auguriamo buona guarigione! Pi\u00f9 tardi sono andati in scena gli 800m. Ad aprire le danze \u00e8 stata Mara, seguita da Elia e Mirko. Mattia ha poi concluso la giornata correndo il 3000m. Per loro ottimo inizio di stagione e ottimi risultati che lanciando la stagione alla grande. Grazie mille a Chico per aver seguito e portato i nostri atleti oltre Gottardo. Trasferta eseguita con il nuovo e fiammante furgoncino GAB! <\/p><p><strong>RISULTATI<\/strong><\/p><ul class=\"wp-block-list\"><li>Sabrina Innocenti 300m 42&#8243;86 -> <a href=\"https:\/\/www.youtube.com\/watch?v=hptePggYNcw&amp;t=1s\">video della gara<\/a><\/li><li>Laura Toffoli 300m<\/li><li>Mara Moser 800m 2&#8217;13&#8243;31 -> <a href=\"https:\/\/www.youtube.com\/watch?v=Q3i2waLjX_A\">video della gara<\/a><\/li><li>Mirko Tam\u00f2 800m 1&#8217;57&#8243;00 -> <a href=\"https:\/\/www.youtube.com\/watch?v=UCofXUqs68Q&amp;t=64s\">video della gara<\/a><\/li><li>Elia Bizzozero 800m 1&#8217;58&#8243;33 -> <a href=\"https:\/\/www.youtube.com\/watch?v=zGd3p7SShyk&amp;t=24913s\">video della gara al minuto 7&#8217;02&#8243;30<\/a><\/li><li>Mattia Verzaroli 3000m 9&#8217;21&#8243;29 -> <a href=\"https:\/\/www.youtube.com\/watch?v=zGd3p7SShyk&amp;t=24913s\">video della gara al minuto 8&#8217;14&#8243;00<\/a><\/li><\/ul><p class=\"has-text-align-center\"><strong><a href=\"https:\/\/meeting-meilen.ch\/wp-content\/uploads\/2020\/06\/2020-06-20_Gesamtrangliste_MeetingMeilen.pdf\">&lt;&lt;RISULTATI UFFICIALI>><\/a><\/strong><\/p><p>Prossimo appuntamento: <a href=\"http:\/\/gab-bellinzona.ch\/wp\/wp-content\/uploads\/2020\/06\/meetingserale1.pdf\">Meeting serale 1 GAB &#8211; Bellinzona -> Mercoled\u00ec 24 giugno 2020<\/a><\/p><figure class=\"wp-block-gallery columns-3 is-cropped wp-block-gallery-1 is-layout-flex wp-block-gallery-is-layout-flex\"><ul class=\"blocks-gallery-grid\"><li class=\"blocks-gallery-item\"><figure><img decoding=\"async\" src=\"http:\/\/gab-bellinzona.ch\/wp\/wp-content\/uploads\/2020\/06\/small_55b33f_20200620_Meeting_Meilen_Meilen_04483US-1.jpg\" alt=\"\" data-id=\"7626\" data-link=\"http:\/\/gab-bellinzona.ch\/?attachment_id=7626\" class=\"wp-image-7626\"\/><\/figure><\/li><li class=\"blocks-gallery-item\"><figure><img decoding=\"async\" src=\"http:\/\/gab-bellinzona.ch\/wp\/wp-content\/uploads\/2020\/06\/large_690350b5e_20200620_Meeting_Meilen_Meilen_04452US-1024x683.jpg\" alt=\"\" data-id=\"7628\" data-link=\"http:\/\/gab-bellinzona.ch\/?attachment_id=7628\" class=\"wp-image-7628\"\/><\/figure><\/li><li class=\"blocks-gallery-item\"><figure><img decoding=\"async\" src=\"http:\/\/gab-bellinzona.ch\/wp\/wp-content\/uploads\/2020\/06\/small_26dba9_20200620_Meeting_Meilen_Meilen_04495US.jpg\" alt=\"\" data-id=\"7629\" data-link=\"http:\/\/gab-bellinzona.ch\/?attachment_id=7629\" class=\"wp-image-7629\"\/><\/figure><\/li><li class=\"blocks-gallery-item\"><figure><img decoding=\"async\" src=\"http:\/\/gab-bellinzona.ch\/wp\/wp-content\/uploads\/2020\/06\/IMG_4752-2-1024x628.jpg\" alt=\"\" data-id=\"7630\" data-full-url=\"http:\/\/gab-bellinzona.ch\/wp\/wp-content\/uploads\/2020\/06\/IMG_4752-2-scaled.jpg\" data-link=\"http:\/\/gab-bellinzona.ch\/?attachment_id=7630\" class=\"wp-image-7630\"\/><\/figure><\/li><\/ul><\/figure>","protected":false},"excerpt":{"rendered":"<p>La stagione \u00e8 lanciata! La prima gara outdoor della stagione \u00e8 stata anche sinonimo di trasferta al nord delle Alpi. Sabato 20 giugno 6 mezzofondisti hanno partecipato al Meeting di [&hellip;]<\/p>\n","protected":false},"author":2,"featured_media":0,"comment_status":"closed","ping_status":"closed","sticky":false,"template":"","format":"standard","meta":{"footnotes":""},"categories":[],"tags":[],"class_list":["post-773","post","type-post","status-publish","format-standard"],"_links":{"self":[{"href":"https:\/\/gab-bellinzona.ch\/online\/wp-json\/wp\/v2\/posts\/773","targetHints":{"allow":["GET"]}}],"collection":[{"href":"https:\/\/gab-bellinzona.ch\/online\/wp-json\/wp\/v2\/posts"}],"about":[{"href":"https:\/\/gab-bellinzona.ch\/online\/wp-json\/wp\/v2\/types\/post"}],"author":[{"embeddable":true,"href":"https:\/\/gab-bellinzona.ch\/online\/wp-json\/wp\/v2\/users\/2"}],"replies":[{"embeddable":true,"href":"https:\/\/gab-bellinzona.ch\/online\/wp-json\/wp\/v2\/comments?post=773"}],"version-history":[{"count":0,"href":"https:\/\/gab-bellinzona.ch\/online\/wp-json\/wp\/v2\/posts\/773\/revisions"}],"wp:attachment":[{"href":"https:\/\/gab-bellinzona.ch\/online\/wp-json\/wp\/v2\/media?parent=773"}],"wp:term":[{"taxonomy":"category","embeddable":true,"href":"https:\/\/gab-bellinzona.ch\/online\/wp-json\/wp\/v2\/categories?post=773"},{"taxonomy":"post_tag","embeddable":true,"href":"https:\/\/gab-bellinzona.ch\/online\/wp-json\/wp\/v2\/tags?post=773"}],"curies":[{"name":"wp","href":"https:\/\/api.w.org\/{rel}","templated":true}]}}