{"id":772,"date":"2020-06-12T18:13:04","date_gmt":"2020-06-12T16:13:04","guid":{"rendered":"http:\/\/gab-bellinzona.ch\/?p=7607"},"modified":"2020-06-12T18:13:05","modified_gmt":"2020-06-12T16:13:05","slug":"si-torna-a-gareggiare-1-meeting-serale-gab","status":"publish","type":"post","link":"https:\/\/gab-bellinzona.ch\/online\/si-torna-a-gareggiare-1-meeting-serale-gab\/","title":{"rendered":"Si torna a gareggiare! 1\u00b0 meeting serale GAB"},"content":{"rendered":"<p>\u00c8 arrivato il momento. Dopo mesi di attesa e di insicurezza finalmente la stagione outdoor di atletica leggera \u00e8 cominciata. Gi\u00e0 mercoled\u00ec scorso (10 giugno) sono andati in scena i primi meeting a Ginevra e a La Chaux-de-fonds. Con molta probabilit\u00e0 alcuni dei nostri atleti debutteranno il 20 giugno oltre Gottardo a Meilen. <\/p><p>Per quanto riguarda le competizione interne, comunichiamo con molto piacere che il GAB organizzer\u00e0 la <strong>prima gara su suolo ticinese<\/strong>. Dopo un&#8217;attenta analisi, la preparazione di un concetto di protezione e il permesso della Citt\u00e0 sono state stabilite tre date. Il primo meeting, a cui ci si potr\u00e0 iscrivere solo con licenza Swiss Athletics, si terr\u00e0 <strong>mercoled\u00ec 24 giugno<\/strong>. A seguire un meeting, sempre GAB, mercoled\u00ec 1 luglio. Il terzo meeting sar\u00e0 organizzato dalla SAB e si terr\u00e0 ancora di mercoled\u00ec (8 luglio). Dopodich\u00e9 i nostri atleti si sposteranno in Engadina per il classico campo d&#8217;allenamento in altura.<\/p><ul class=\"wp-block-list\"><li><a href=\"http:\/\/gab-bellinzona.ch\/wp\/wp-content\/uploads\/2020\/06\/meetingserale1.pdf\">Meeting serale 1 GAB &#8211; Mercoled\u00ec 24 giugno 2020 &#8211; Orario<\/a>  -> iscrizione possibile solo per atleti tesserati Swiss Athletics  <\/li><li><a href=\"http:\/\/gab-bellinzona.ch\/wp\/wp-content\/uploads\/2020\/06\/meetingserale2.pdf\">Meeting serale 2 GAB &#8211; Mercoled\u00ec 1 luglio 2020 &#8211; Orario<\/a><\/li><li>Meeting SAB &#8211; mercoled\u00ec 8 luglio 2020<\/li><\/ul><div class=\"wp-block-file\"><a href=\"http:\/\/gab-bellinzona.ch\/wp\/wp-content\/uploads\/2020\/06\/Concetto-di-protezione_GAB.pdf\">=> Concetto di protezione: manifestazioni GAB<\/a><a href=\"http:\/\/gab-bellinzona.ch\/wp\/wp-content\/uploads\/2020\/06\/Concetto-di-protezione_GAB.pdf\" class=\"wp-block-file__button\" download>Download<\/a><\/div><p>In entrambi i meeting GAB l&#8217;iscrizione \u00e8 da svolgere tramite iscrizione online. A causa delle prescrizioni dovute al Coronavirus il numero di partecipanti per disciplina \u00e8 limitato. L\u2019organizzatore potr\u00e0 sospendere le iscrizioni in caso di superamento del numero massimo di partecipanti indicato nel programma.<\/p><figure class=\"wp-block-image size-large\"><img decoding=\"async\" src=\"http:\/\/gab-bellinzona.ch\/wp\/wp-content\/uploads\/2020\/06\/PHOTO-2020-05-19-20-55-33-2-1024x768.jpg\" alt=\"\" class=\"wp-image-7611\"\/><\/figure>","protected":false},"excerpt":{"rendered":"<p>\u00c8 arrivato il momento. Dopo mesi di attesa e di insicurezza finalmente la stagione outdoor di atletica leggera \u00e8 cominciata. Gi\u00e0 mercoled\u00ec scorso (10 giugno) sono andati in scena i [&hellip;]<\/p>\n","protected":false},"author":2,"featured_media":0,"comment_status":"closed","ping_status":"closed","sticky":false,"template":"","format":"standard","meta":{"footnotes":""},"categories":[],"tags":[],"class_list":["post-772","post","type-post","status-publish","format-standard"],"_links":{"self":[{"href":"https:\/\/gab-bellinzona.ch\/online\/wp-json\/wp\/v2\/posts\/772","targetHints":{"allow":["GET"]}}],"collection":[{"href":"https:\/\/gab-bellinzona.ch\/online\/wp-json\/wp\/v2\/posts"}],"about":[{"href":"https:\/\/gab-bellinzona.ch\/online\/wp-json\/wp\/v2\/types\/post"}],"author":[{"embeddable":true,"href":"https:\/\/gab-bellinzona.ch\/online\/wp-json\/wp\/v2\/users\/2"}],"replies":[{"embeddable":true,"href":"https:\/\/gab-bellinzona.ch\/online\/wp-json\/wp\/v2\/comments?post=772"}],"version-history":[{"count":0,"href":"https:\/\/gab-bellinzona.ch\/online\/wp-json\/wp\/v2\/posts\/772\/revisions"}],"wp:attachment":[{"href":"https:\/\/gab-bellinzona.ch\/online\/wp-json\/wp\/v2\/media?parent=772"}],"wp:term":[{"taxonomy":"category","embeddable":true,"href":"https:\/\/gab-bellinzona.ch\/online\/wp-json\/wp\/v2\/categories?post=772"},{"taxonomy":"post_tag","embeddable":true,"href":"https:\/\/gab-bellinzona.ch\/online\/wp-json\/wp\/v2\/tags?post=772"}],"curies":[{"name":"wp","href":"https:\/\/api.w.org\/{rel}","templated":true}]}}