{"id":759,"date":"2020-02-01T18:33:19","date_gmt":"2020-02-01T17:33:19","guid":{"rendered":"http:\/\/gab-bellinzona.ch\/?p=7499"},"modified":"2020-02-03T11:38:12","modified_gmt":"2020-02-03T10:38:12","slug":"ct-di-cross-camignolo","status":"publish","type":"post","link":"https:\/\/gab-bellinzona.ch\/online\/ct-di-cross-camignolo\/","title":{"rendered":"CT di Cross &#8211; Camignolo"},"content":{"rendered":"<p>Si \u00e8 svolta sabato l&#8217;ultima tappa della Coppa Ticino di Cross. Sul perimetro delle scuole medie di Camignolo \u00e8 andato in scena un cross tecnico che assegnava anche i titoli cantonali di cross. Il Gab si \u00e8 presentato all&#8217;appuntamento con una squadra agguerrita e molto numerosa, portando a casa tante medaglie e due titoli. Bellissimo podio tra i ragazzi U18, dove Siro, Giulian e Filippo hanno conquistato una tripletta. Durante la giornata sono poi stati premiati i vincitori della Coppa Ticino di Cross. Complimenti a tutti i premiati e a tutti gli atleti in gara in questa stagione di Coppa Ticino. Forza GAB!<\/p><p><strong>Podi di giornata CT Cross Camignolo<\/strong><\/p><ul class=\"wp-block-list\"><li>Gabriele Berini U12 -> 1\u00b0 posto<\/li><li>Gaia Berini U16 -> 1\u00b0 posto\u00a0<strong>Campionessa ticinese<\/strong><\/li><li>Siro Gentilini U18 -> 1\u00b0 posto\u00a0<strong>Campione ticinese<\/strong><\/li><li>Giulian Guidon U18 -> 2\u00b0 posto\u00a0<\/li><li>Filippo Balestra U18 -> 3\u00b0 posto<\/li><li>Mara Moser U20 -> 3\u00b0 posto<\/li><li>Mattia Verzaroli -> 3\u00b0 posto<\/li><li>Paola Stampanoni attive -> 3\u00b0 posto<\/li><li>Jeanette Bregagnolo W40 -> 2\u00b0 posto<\/li><li>Zuleika Carenini W40 -> 3\u00b0 posto<\/li><\/ul><p style=\"text-align:center\"><a href=\"https:\/\/www.endu.net\/it\/events\/cross-camignolo-ctc\/results\">&lt;&lt;RISULTATI UFFICIALI&gt;&gt;<\/a><\/p><p style=\"text-align:center\"><a href=\"http:\/\/www.gab-bellinzona.ch\/archivio_foto\/thumbnails.php?album=324\">&lt;&lt;FOTO&gt;&gt;<\/a><\/p><p>Per gli U18 e gli U20 ci sar\u00e0 ancora una uscita con le scarpe da cross. Infatti ben 7 atleti Gab fra due settimane si recheranno ad Al\u00e0 dei Sardi in Sardegna con la Selezione Ticino per affrontare alcune tra le selezioni regionali pi\u00f9 forti d&#8217;Italia. <\/p><p style=\"text-align:center\"><a href=\"https:\/\/ftal.ch\/wp-content\/uploads\/2020\/01\/preconvocazione-selezione-Sardegna-2020.pdf\">Informazioni cross Al\u00e0 dei Sardi <\/a><\/p><p>Per tutti gli altri mezzofondisti la stagione finisce qui. La stagione 2019-2020 \u00e8 stata piena di ottimi risultati. Tutto questo non sarebbe stato possibile senza l&#8217;allenatore del gruppo mezzofondo Chico Cariboni, sempre presente allo stadio e sui campi dei cross. <strong>Grazie Chico!!!<\/strong><\/p><p>Prossimo appuntamento: <a href=\"https:\/\/ftal.ch\/wp-content\/uploads\/2020\/01\/Meeting-CT-Indoor-al-FEVI-05.02.2020-def.pdf\">CT Indoor 60m \/60mH &#8211; Palazzo Fevi Locarno -&gt; Mercoled\u00ec 5 febbraio 2020<\/a><\/p>","protected":false},"excerpt":{"rendered":"<p>Si \u00e8 svolta sabato l&#8217;ultima tappa della Coppa Ticino di Cross. Sul perimetro delle scuole medie di Camignolo \u00e8 andato in scena un cross tecnico che assegnava anche i titoli [&hellip;]<\/p>\n","protected":false},"author":2,"featured_media":0,"comment_status":"closed","ping_status":"closed","sticky":false,"template":"","format":"standard","meta":{"footnotes":""},"categories":[],"tags":[],"class_list":["post-759","post","type-post","status-publish","format-standard"],"_links":{"self":[{"href":"https:\/\/gab-bellinzona.ch\/online\/wp-json\/wp\/v2\/posts\/759","targetHints":{"allow":["GET"]}}],"collection":[{"href":"https:\/\/gab-bellinzona.ch\/online\/wp-json\/wp\/v2\/posts"}],"about":[{"href":"https:\/\/gab-bellinzona.ch\/online\/wp-json\/wp\/v2\/types\/post"}],"author":[{"embeddable":true,"href":"https:\/\/gab-bellinzona.ch\/online\/wp-json\/wp\/v2\/users\/2"}],"replies":[{"embeddable":true,"href":"https:\/\/gab-bellinzona.ch\/online\/wp-json\/wp\/v2\/comments?post=759"}],"version-history":[{"count":0,"href":"https:\/\/gab-bellinzona.ch\/online\/wp-json\/wp\/v2\/posts\/759\/revisions"}],"wp:attachment":[{"href":"https:\/\/gab-bellinzona.ch\/online\/wp-json\/wp\/v2\/media?parent=759"}],"wp:term":[{"taxonomy":"category","embeddable":true,"href":"https:\/\/gab-bellinzona.ch\/online\/wp-json\/wp\/v2\/categories?post=759"},{"taxonomy":"post_tag","embeddable":true,"href":"https:\/\/gab-bellinzona.ch\/online\/wp-json\/wp\/v2\/tags?post=759"}],"curies":[{"name":"wp","href":"https:\/\/api.w.org\/{rel}","templated":true}]}}