{"id":751,"date":"2019-12-19T20:36:16","date_gmt":"2019-12-19T19:36:16","guid":{"rendered":"http:\/\/gab-bellinzona.ch\/?p=7435"},"modified":"2019-12-19T20:36:17","modified_gmt":"2019-12-19T19:36:17","slug":"buone-feste-2","status":"publish","type":"post","link":"https:\/\/gab-bellinzona.ch\/online\/buone-feste-2\/","title":{"rendered":"BUONE FESTE!"},"content":{"rendered":"<p><strong>Buone feste!<\/strong><\/p><p>Il 2019 giunge ormai al termine. Un anno fantastico, pieno di soddisfazioni per la nostra societ\u00e0. Se in inverno abbiamo faticato a causa dello stadio inagibile, l&#8217;estate \u00e8 stata un successo. Dimostrando ancora una volta di essere una delle societ\u00e0 trainanti dell&#8217;atletica ticinese, il Gab si \u00e8 nuovamente distinto a livello nazionale con numerose partecipazioni ai Campionati svizzeri assoluti e giovanili. Spicca tra i tanti risultati il titolo di vice-campione svizzero sui 400mH U20 di Alessio Guidon. Tanti momenti di gioia dovuti agli sforzi dei nostri atleti ma anche dei nostri validissimi allenatori. Un grazie di cuore va a tutti quelli che lavorano dietro le quinte per i nostri ragazzi che rendono possibili i successi sportivi della societ\u00e0.<\/p><p>In attesa di un 2020, da vivere tutto d&#8217;un fiato con il Gal\u00e0 dei Castelli il 25 maggio 2020 e i Campionati svizzeri assoluti al Comunale il 26-27 giugno 2020, il&nbsp;comitato Gab, gli allenatori e tutti gli atleti vi augurano un buon Natale e un buon inizio di 2020!!! Ci vediamo in pista, forza GAB!<\/p>","protected":false},"excerpt":{"rendered":"<p>Buone feste! Il 2019 giunge ormai al termine. Un anno fantastico, pieno di soddisfazioni per la nostra societ\u00e0. Se in inverno abbiamo faticato a causa dello stadio inagibile, l&#8217;estate \u00e8 [&hellip;]<\/p>\n","protected":false},"author":2,"featured_media":0,"comment_status":"closed","ping_status":"closed","sticky":false,"template":"","format":"standard","meta":{"footnotes":""},"categories":[],"tags":[],"class_list":["post-751","post","type-post","status-publish","format-standard"],"_links":{"self":[{"href":"https:\/\/gab-bellinzona.ch\/online\/wp-json\/wp\/v2\/posts\/751","targetHints":{"allow":["GET"]}}],"collection":[{"href":"https:\/\/gab-bellinzona.ch\/online\/wp-json\/wp\/v2\/posts"}],"about":[{"href":"https:\/\/gab-bellinzona.ch\/online\/wp-json\/wp\/v2\/types\/post"}],"author":[{"embeddable":true,"href":"https:\/\/gab-bellinzona.ch\/online\/wp-json\/wp\/v2\/users\/2"}],"replies":[{"embeddable":true,"href":"https:\/\/gab-bellinzona.ch\/online\/wp-json\/wp\/v2\/comments?post=751"}],"version-history":[{"count":0,"href":"https:\/\/gab-bellinzona.ch\/online\/wp-json\/wp\/v2\/posts\/751\/revisions"}],"wp:attachment":[{"href":"https:\/\/gab-bellinzona.ch\/online\/wp-json\/wp\/v2\/media?parent=751"}],"wp:term":[{"taxonomy":"category","embeddable":true,"href":"https:\/\/gab-bellinzona.ch\/online\/wp-json\/wp\/v2\/categories?post=751"},{"taxonomy":"post_tag","embeddable":true,"href":"https:\/\/gab-bellinzona.ch\/online\/wp-json\/wp\/v2\/tags?post=751"}],"curies":[{"name":"wp","href":"https:\/\/api.w.org\/{rel}","templated":true}]}}