{"id":750,"date":"2019-12-15T12:03:46","date_gmt":"2019-12-15T11:03:46","guid":{"rendered":"http:\/\/gab-bellinzona.ch\/?p=7418"},"modified":"2019-12-17T15:09:34","modified_gmt":"2019-12-17T14:09:34","slug":"cross-di-moghegno","status":"publish","type":"post","link":"https:\/\/gab-bellinzona.ch\/online\/cross-di-moghegno\/","title":{"rendered":"Cross di Moghegno"},"content":{"rendered":"<p>Dopo pi\u00f9 di un decennio di assenza la Coppa Ticino di cross \u00e8 tornata in Valle Maggia. La quarta e ultima tappa del 2019 si \u00e8 infatti svolta sui prati innevati di Moghegno. Il percorso di due chilometri, da correre diverse volte a differenza della categoria, si presentava in ottime condizioni, pur essendo innevato e in una zona ombrosa. Dopo una partenza relativamente piatta, i corridori dovevano affrontare due strappi per poi scendere per diverse centinaia di metri. La seconda parte del percorso era poi di nuovo una piana con uno strappo finale prima del traguardo.<\/p><p>Anche a Moghegno non sono mancati i podi Gab. Gabriele, Siro e Jeanette hanno saputo agguantare la vittoria. Complimenti!<\/p><p>Bravissimi a tutti gli atleti in gara. Grazie ai sostenitori e allenatori presenti. Forza GAB!<\/p><p><strong>Podi di giornata:<\/strong><\/p><ul class=\"wp-block-list\"><li>Gabriele Berini U12M -> 1\u00b0 posto<\/li><li>Gaia Berini U16W -> 2\u00b0 posto<\/li><li>Siro Gentilini U18M -> 1\u00b0 posto<\/li><li>Filippo Balestra U18M-> 2\u00b0 posto<\/li><li>Giulian Guidon U18M -> 3\u00b0 posto<\/li><li>Mattia Verzaroli U20M -> 2\u00b0 posto<\/li><li>Paola Stampanoni attive -> 2\u00b0 posto<\/li><li>Jeanette Bragagnolo W40 -> 1\u00b0 posto<\/li><li>Zuleika Carenini W40 -> 2\u00b0 posto<\/li><\/ul><p style=\"text-align:center\"><a href=\"https:\/\/www.endu.net\/it\/events\/cross-moghegno-ctc\/results\">&lt;&lt;RISULTATI&gt;&gt;<\/a><\/p><ul class=\"wp-block-gallery columns-3 is-cropped wp-block-gallery-1 is-layout-flex wp-block-gallery-is-layout-flex\"><li class=\"blocks-gallery-item\"><figure><img decoding=\"async\" src=\"http:\/\/gab-bellinzona.ch\/wp\/wp-content\/uploads\/2019\/12\/IMG_3339-2.jpg\" alt=\"\" data-id=\"7426\" data-link=\"http:\/\/gab-bellinzona.ch\/?attachment_id=7426\" class=\"wp-image-7426\"\/><\/figure><\/li><li class=\"blocks-gallery-item\"><figure><img decoding=\"async\" src=\"http:\/\/gab-bellinzona.ch\/wp\/wp-content\/uploads\/2019\/12\/IMG_3343-1.jpg\" alt=\"\" data-id=\"7427\" data-link=\"http:\/\/gab-bellinzona.ch\/?attachment_id=7427\" class=\"wp-image-7427\"\/><\/figure><\/li><li class=\"blocks-gallery-item\"><figure><img decoding=\"async\" src=\"http:\/\/gab-bellinzona.ch\/wp\/wp-content\/uploads\/2019\/12\/IMG_3347-1.jpg\" alt=\"\" data-id=\"7428\" data-link=\"http:\/\/gab-bellinzona.ch\/?attachment_id=7428\" class=\"wp-image-7428\"\/><\/figure><\/li><li class=\"blocks-gallery-item\"><figure><img decoding=\"async\" src=\"http:\/\/gab-bellinzona.ch\/wp\/wp-content\/uploads\/2019\/12\/IMG_3352-1.jpg\" alt=\"\" data-id=\"7429\" data-link=\"http:\/\/gab-bellinzona.ch\/?attachment_id=7429\" class=\"wp-image-7429\"\/><\/figure><\/li><\/ul><p>Prossimo appuntamento: <a href=\"https:\/\/ftal.ch\/wp-content\/uploads\/2019\/11\/Volantino-CT-Cross-2019-2020.pdf\">Cross di Gordola &#8211; Sabato 11 Gennaio 2020 -&gt; Centro sportivo Roviscaglie <\/a><\/p>","protected":false},"excerpt":{"rendered":"<p>Dopo pi\u00f9 di un decennio di assenza la Coppa Ticino di cross \u00e8 tornata in Valle Maggia. La quarta e ultima tappa del 2019 si \u00e8 infatti svolta sui prati [&hellip;]<\/p>\n","protected":false},"author":2,"featured_media":0,"comment_status":"closed","ping_status":"closed","sticky":false,"template":"","format":"standard","meta":{"footnotes":""},"categories":[],"tags":[],"class_list":["post-750","post","type-post","status-publish","format-standard"],"_links":{"self":[{"href":"https:\/\/gab-bellinzona.ch\/online\/wp-json\/wp\/v2\/posts\/750","targetHints":{"allow":["GET"]}}],"collection":[{"href":"https:\/\/gab-bellinzona.ch\/online\/wp-json\/wp\/v2\/posts"}],"about":[{"href":"https:\/\/gab-bellinzona.ch\/online\/wp-json\/wp\/v2\/types\/post"}],"author":[{"embeddable":true,"href":"https:\/\/gab-bellinzona.ch\/online\/wp-json\/wp\/v2\/users\/2"}],"replies":[{"embeddable":true,"href":"https:\/\/gab-bellinzona.ch\/online\/wp-json\/wp\/v2\/comments?post=750"}],"version-history":[{"count":0,"href":"https:\/\/gab-bellinzona.ch\/online\/wp-json\/wp\/v2\/posts\/750\/revisions"}],"wp:attachment":[{"href":"https:\/\/gab-bellinzona.ch\/online\/wp-json\/wp\/v2\/media?parent=750"}],"wp:term":[{"taxonomy":"category","embeddable":true,"href":"https:\/\/gab-bellinzona.ch\/online\/wp-json\/wp\/v2\/categories?post=750"},{"taxonomy":"post_tag","embeddable":true,"href":"https:\/\/gab-bellinzona.ch\/online\/wp-json\/wp\/v2\/tags?post=750"}],"curies":[{"name":"wp","href":"https:\/\/api.w.org\/{rel}","templated":true}]}}