{"id":747,"date":"2019-11-25T10:39:46","date_gmt":"2019-11-25T09:39:46","guid":{"rendered":"http:\/\/gab-bellinzona.ch\/?p=7391"},"modified":"2019-11-25T10:51:07","modified_gmt":"2019-11-25T09:51:07","slug":"cena-assemblea-gab","status":"publish","type":"post","link":"https:\/\/gab-bellinzona.ch\/online\/cena-assemblea-gab\/","title":{"rendered":"Cena + assemblea Gab -> FOTO"},"content":{"rendered":"<p>Si \u00e8 svolta sabato 23 novembre 2019 l&#8217;assemblea ordinaria del Gruppo Atletico Bellinzona. Quest&#8217;anno non vi erano nuove nomine, \u00e8 stato per\u00f2 revisionato lo statuto. Dopo i discorsi d&#8217;apertura del presidente Laura Mudry-Mangiarratti, del presidente Organizzazione turistica regionale (Otr) Bellinzonese e Alto Ticino Jury Clericetti e del presidente della SFG Bellinzona (societ\u00e0 madre), si \u00e8 poi passato alla relazione del commissario tecnico Chico Cariboni. L&#8217;assemblea ha poi all&#8217;unanimit\u00e0 accettato i vari <a href=\"http:\/\/gab-bellinzona.ch\/wp\/wp-content\/uploads\/2019\/10\/SatutoGAB-rev.-LM-rt.pdf\">cambiamenti allo statuto <\/a>proposti dal comitato.<\/p><p>Dopo le formalit\u00e0 i 90 partecipanti dell&#8217;assemblea si sono spostati all&#8217;Hotel Unione per la classica cena. Il municipale Christian Paglia (capodicastero opere pubbliche e ambiente) ha aperto la cena che poi ha visto il comitato e gli allenatori ringraziati per i loro sforzi e la loro presenza durante l&#8217;ultimo anno. Nel proseguo sono poi stati premiati gli atleti distintisi nella passata stagione. Si \u00e8 poi ringraziato Giorgio Meneghetti per i 30 anni come capo-corso del campo d&#8217;allenamento di Celerina. La simpatica serata si \u00e8 poi conclusa con la classica lotteria.<\/p><p>Una volta ancora ci teniamo a ringraziare il comitato Gab per il lavoro svolto durante l&#8217;anno. Senza il loro lavoro non sarebbe possibile avere una societ\u00e0 solida come la nostro. Grazie anche agli allenatori, per la loro presenza costante allo stadio e alle gare. E non vogliamo dimenticare i nostri sostenitori, sponsor e volontari! Grazie a tutti, NOI SIAMO IL GAB! Forza Gab!<\/p><figure class=\"wp-block-image\"><img decoding=\"async\" src=\"http:\/\/gab-bellinzona.ch\/wp\/wp-content\/uploads\/2019\/11\/IMG_3034.jpg\" alt=\"\" class=\"wp-image-7392\"\/><figcaption>Il comitato Gab: Daniele Bianchini, Karin Colombini, Simone Nolli, Enrico Cariboni, Laura Mudry Mangiaratti, Mirko Moser, Paola Stampanoni, Nicola Riva e Roberto Simone (da destra a sinistra)<\/figcaption><\/figure><figure class=\"wp-block-image\"><img decoding=\"async\" src=\"http:\/\/gab-bellinzona.ch\/wp\/wp-content\/uploads\/2019\/11\/IMG_3042.jpg\" alt=\"\" class=\"wp-image-7393\"\/><figcaption>Allenatori elite: Alex Brechb\u00fchl, Alberto Brunelli, Enrico Cariboni, Michele R\u00fcfenacht, Monica Pellegrinelli e Massimo Balestra<\/figcaption><\/figure><figure class=\"wp-block-image\"><img decoding=\"async\" src=\"http:\/\/gab-bellinzona.ch\/wp\/wp-content\/uploads\/2019\/11\/IMG_3052.jpg\" alt=\"\" class=\"wp-image-7394\"\/><figcaption>Gli allenatori dei vari gruppi giovanili<\/figcaption><\/figure><figure class=\"wp-block-image\"><img decoding=\"async\" src=\"http:\/\/gab-bellinzona.ch\/wp\/wp-content\/uploads\/2019\/11\/IMG_3060.jpg\" alt=\"\" class=\"wp-image-7395\"\/><figcaption>Alcuni dei nostri super volontari: Doris Gebs, Brunello Margni, Alfredo Brechb\u00fchl (in piedi); Michela Cariboni, Giorgio Meneghetti, Giovanna Innocenti (seduti)<\/figcaption><\/figure><ul class=\"wp-block-gallery columns-2 is-cropped wp-block-gallery-1 is-layout-flex wp-block-gallery-is-layout-flex\"><li class=\"blocks-gallery-item\"><figure><img decoding=\"async\" src=\"http:\/\/gab-bellinzona.ch\/wp\/wp-content\/uploads\/2019\/11\/IMG_3044.jpg\" alt=\"\" data-id=\"7396\" data-link=\"http:\/\/gab-bellinzona.ch\/?attachment_id=7396\" class=\"wp-image-7396\"\/><figcaption>Atleti<\/figcaption><\/figure><\/li><li class=\"blocks-gallery-item\"><figure><img decoding=\"async\" src=\"http:\/\/gab-bellinzona.ch\/wp\/wp-content\/uploads\/2019\/11\/IMG_3055.jpg\" alt=\"\" data-id=\"7397\" data-link=\"http:\/\/gab-bellinzona.ch\/?attachment_id=7397\" class=\"wp-image-7397\"\/><figcaption>Atleti<\/figcaption><\/figure><\/li><\/ul><figure class=\"wp-block-image\"><img decoding=\"async\" src=\"http:\/\/gab-bellinzona.ch\/wp\/wp-content\/uploads\/2019\/11\/IMG_3064.jpg\" alt=\"\" class=\"wp-image-7399\"\/><figcaption>Nicola Fumagalli, vincitore del Premio Giorgio.<\/figcaption><\/figure>","protected":false},"excerpt":{"rendered":"<p>Si \u00e8 svolta sabato 23 novembre 2019 l&#8217;assemblea ordinaria del Gruppo Atletico Bellinzona. Quest&#8217;anno non vi erano nuove nomine, \u00e8 stato per\u00f2 revisionato lo statuto. Dopo i discorsi d&#8217;apertura del [&hellip;]<\/p>\n","protected":false},"author":2,"featured_media":0,"comment_status":"closed","ping_status":"closed","sticky":false,"template":"","format":"standard","meta":{"footnotes":""},"categories":[],"tags":[],"class_list":["post-747","post","type-post","status-publish","format-standard"],"_links":{"self":[{"href":"https:\/\/gab-bellinzona.ch\/online\/wp-json\/wp\/v2\/posts\/747","targetHints":{"allow":["GET"]}}],"collection":[{"href":"https:\/\/gab-bellinzona.ch\/online\/wp-json\/wp\/v2\/posts"}],"about":[{"href":"https:\/\/gab-bellinzona.ch\/online\/wp-json\/wp\/v2\/types\/post"}],"author":[{"embeddable":true,"href":"https:\/\/gab-bellinzona.ch\/online\/wp-json\/wp\/v2\/users\/2"}],"replies":[{"embeddable":true,"href":"https:\/\/gab-bellinzona.ch\/online\/wp-json\/wp\/v2\/comments?post=747"}],"version-history":[{"count":0,"href":"https:\/\/gab-bellinzona.ch\/online\/wp-json\/wp\/v2\/posts\/747\/revisions"}],"wp:attachment":[{"href":"https:\/\/gab-bellinzona.ch\/online\/wp-json\/wp\/v2\/media?parent=747"}],"wp:term":[{"taxonomy":"category","embeddable":true,"href":"https:\/\/gab-bellinzona.ch\/online\/wp-json\/wp\/v2\/categories?post=747"},{"taxonomy":"post_tag","embeddable":true,"href":"https:\/\/gab-bellinzona.ch\/online\/wp-json\/wp\/v2\/tags?post=747"}],"curies":[{"name":"wp","href":"https:\/\/api.w.org\/{rel}","templated":true}]}}