{"id":739,"date":"2019-09-22T20:32:32","date_gmt":"2019-09-22T18:32:32","guid":{"rendered":"http:\/\/gab-bellinzona.ch\/?p=7322"},"modified":"2019-09-22T20:32:35","modified_gmt":"2019-09-22T18:32:35","slug":"finale-ch-mille-gruyere-locarno","status":"publish","type":"post","link":"https:\/\/gab-bellinzona.ch\/online\/finale-ch-mille-gruyere-locarno\/","title":{"rendered":"Finale CH MilLe Gruyer\u00e9 &#8211; Locarno"},"content":{"rendered":"<p>Si \u00e8 svolta a Locarno la finale del MilLe Gruyere, la gara a livello nazionale sui 1000m. Dopo la finale cantonale organizzata dal GAB il 4 settembre, \u00e8 stata la VIRTUS organizzare la finale nazionale per festeggiare i 110 anni della societ\u00e0. Ottime le prestazione dei nostri 4 giovanissimi sulla pista del Lido di Locarno. Nella categoria maggiore Giulian si \u00e8 classificato al 9\u00b0 posto finale, correndo il 1000m ticinese pi\u00f9 veloce di giornata fissando il suo nuovo personale a 2&#8217;49&#8243;24. Anche Zoe ha stabilito il suo nuovo primato. In gara anche i due fratelli Berini. Gaia chiude in un&#8217;ottimo 3&#8217;14 mentre Gabriele tra gli M10 in 3&#8217;29. Complimenti a tutti e quattro. Forza GAB!<\/p><p><strong>RISULTATI<\/strong><\/p><ul class=\"wp-block-list\"><li>Gaia Berini 1000m W14 3&#8217;14&#8243;69 <strong>PB<\/strong><\/li><li>Zoe Moser 1000m W15 3&#8217;23&#8243;86 <strong>PB<\/strong><\/li><li>Gabriele Berini 1000m M10 3&#8217;29&#8243;80<\/li><li>Giulian Guidon 1000m M15 2&#8217;49&#8243;24 <strong>PB<\/strong><\/li><\/ul><p style=\"text-align:center\"><a href=\"http:\/\/mille-gruyere.ch\/files\/Risultati_Finale_CH_2019_Mille_Gruy\u00e8re.pdf\">&lt;&lt;RISULTATI UFFICIALI>><\/a><\/p><p>Prossimo e ultimo appuntamento 2019:<a href=\"http:\/\/gab-bellinzona.ch\/ctig2019\/\"> Campionati Ticinesi giovanili U16\/U18 &#8211; Domenica 29 settembre 2019 -> Bellinzona<\/a><\/p>","protected":false},"excerpt":{"rendered":"<p>Si \u00e8 svolta a Locarno la finale del MilLe Gruyere, la gara a livello nazionale sui 1000m. Dopo la finale cantonale organizzata dal GAB il 4 settembre, \u00e8 stata la [&hellip;]<\/p>\n","protected":false},"author":2,"featured_media":0,"comment_status":"closed","ping_status":"closed","sticky":false,"template":"","format":"standard","meta":{"footnotes":""},"categories":[],"tags":[],"class_list":["post-739","post","type-post","status-publish","format-standard"],"_links":{"self":[{"href":"https:\/\/gab-bellinzona.ch\/online\/wp-json\/wp\/v2\/posts\/739","targetHints":{"allow":["GET"]}}],"collection":[{"href":"https:\/\/gab-bellinzona.ch\/online\/wp-json\/wp\/v2\/posts"}],"about":[{"href":"https:\/\/gab-bellinzona.ch\/online\/wp-json\/wp\/v2\/types\/post"}],"author":[{"embeddable":true,"href":"https:\/\/gab-bellinzona.ch\/online\/wp-json\/wp\/v2\/users\/2"}],"replies":[{"embeddable":true,"href":"https:\/\/gab-bellinzona.ch\/online\/wp-json\/wp\/v2\/comments?post=739"}],"version-history":[{"count":0,"href":"https:\/\/gab-bellinzona.ch\/online\/wp-json\/wp\/v2\/posts\/739\/revisions"}],"wp:attachment":[{"href":"https:\/\/gab-bellinzona.ch\/online\/wp-json\/wp\/v2\/media?parent=739"}],"wp:term":[{"taxonomy":"category","embeddable":true,"href":"https:\/\/gab-bellinzona.ch\/online\/wp-json\/wp\/v2\/categories?post=739"},{"taxonomy":"post_tag","embeddable":true,"href":"https:\/\/gab-bellinzona.ch\/online\/wp-json\/wp\/v2\/tags?post=739"}],"curies":[{"name":"wp","href":"https:\/\/api.w.org\/{rel}","templated":true}]}}