{"id":737,"date":"2019-09-16T18:32:54","date_gmt":"2019-09-16T16:32:54","guid":{"rendered":"http:\/\/gab-bellinzona.ch\/?p=7276"},"modified":"2019-09-16T18:32:56","modified_gmt":"2019-09-16T16:32:56","slug":"selezione-ticino-arge-alp-innsbruck","status":"publish","type":"post","link":"https:\/\/gab-bellinzona.ch\/online\/selezione-ticino-arge-alp-innsbruck\/","title":{"rendered":"Selezione Ticino Arge Alp &#8211; Innsbruck"},"content":{"rendered":"<p>Erano ben dieci gli atleti Gab impegnati con la selezione Ticino al meeting per rappresentative Arge Alp. Sulla pista dell&#8217;universit\u00e0 di Innsbruck (Tirol) \u00e8 andata in scena una due giorni di gare. Con il bello tempo a farla da padrone non sono mancati gli ottimi risultati per la Selezione ticinese. Sia nella 4x100m che nella 4x400m maschile sono stati abbattuti i record ticinesi. Anche la 4x400m donne, tutta Gab, con Sabrina, Mara, Marta e Lisneidy si \u00e8 avvicinata molto al record cantonale, mancandolo solo di pochi decimi e vincendo la gara. Alessio sui 400mH si \u00e8 portato a casa la medaglia di bronzo. Complessivamente il Ticino si \u00e8 piazzato al terzo posto, superato solo da Bayern e Trentino-AltoAdige<\/p><p><strong>Ecco i risultati degli atleti GAB<\/strong><\/p><table class=\"wp-block-table is-style-stripes\"><tbody><tr><td>Gillian Ferrari giavellotto 30.29m \/ peso 9.38m \/ disco 32.23m<\/td><\/tr><tr><td>Sabrina Innocenti 4x400m 3&#8217;48&#8243;71 <strong>-> 1\u00b0 posto<\/strong><\/td><\/tr><tr><td>Lisneidy Veitia Cordova 4x400m 3&#8217;48&#8243;71 <strong>-> 1\u00b0 posto<\/strong><\/td><\/tr><tr><td>Mara Moser 400m 59&#8243;42 \/ 4x400m 3&#8217;48&#8243;71 <strong>-> 1\u00b0 posto<\/strong><\/td><\/tr><tr><td>Marta Tagliabue 4x400m 3&#8217;48&#8243;71 <strong>-> 1\u00b0 posto<\/strong><\/td><\/tr><tr><td>Julian R\u00fcfenacht 200m 22&#8243;72<\/td><\/tr><tr><td>Alessio Guidon 400mH 56&#8243;90 <strong>-> 3\u00b0 posto<\/strong><\/td><\/tr><tr><td>Dave Derigo 5000m 15&#8217;36&#8243;65<\/td><\/tr><tr><td>Jan Colombini peso 11.30m<\/td><\/tr><tr><td>Mirko Tam\u00f2 800m 1&#8217;57&#8243;30<\/td><\/tr><tr><td><\/td><\/tr><\/tbody><\/table><div class=\"wp-block-file aligncenter\"><a href=\"http:\/\/gab-bellinzona.ch\/wp\/wp-content\/uploads\/2019\/09\/Ergebnis.pdf\">Classifica individuale<\/a><a href=\"http:\/\/gab-bellinzona.ch\/wp\/wp-content\/uploads\/2019\/09\/Ergebnis.pdf\" class=\"wp-block-file__button\" download>Download<\/a><\/div><div class=\"wp-block-file aligncenter\"><a href=\"http:\/\/gab-bellinzona.ch\/wp\/wp-content\/uploads\/2019\/09\/Gesamtwertung.pdf\">Classifica a squadre<\/a><a href=\"http:\/\/gab-bellinzona.ch\/wp\/wp-content\/uploads\/2019\/09\/Gesamtwertung.pdf\" class=\"wp-block-file__button\" download>Download<\/a><\/div><figure class=\"wp-block-image\"><img decoding=\"async\" src=\"http:\/\/gab-bellinzona.ch\/wp\/wp-content\/uploads\/2019\/09\/1d699b65-26f5-4f0c-bb90-13e87b651c3f-1024x575.jpg\" alt=\"\" class=\"wp-image-7281\"\/><\/figure><p>Prossimo appuntamento: <a href=\"http:\/\/gab-bellinzona.ch\/wp\/wp-content\/uploads\/2019\/08\/GP2FTAL_Bellinzona2019.pdf\">GP FTAL + CT 3000\/5000m &#8211; Bellinzona -> Sabato 21.09.2019<\/a> -> organizzazione GAB<\/p>","protected":false},"excerpt":{"rendered":"<p>Erano ben dieci gli atleti Gab impegnati con la selezione Ticino al meeting per rappresentative Arge Alp. Sulla pista dell&#8217;universit\u00e0 di Innsbruck (Tirol) \u00e8 andata in scena una due giorni [&hellip;]<\/p>\n","protected":false},"author":2,"featured_media":0,"comment_status":"closed","ping_status":"closed","sticky":false,"template":"","format":"standard","meta":{"footnotes":""},"categories":[],"tags":[],"class_list":["post-737","post","type-post","status-publish","format-standard"],"_links":{"self":[{"href":"https:\/\/gab-bellinzona.ch\/online\/wp-json\/wp\/v2\/posts\/737","targetHints":{"allow":["GET"]}}],"collection":[{"href":"https:\/\/gab-bellinzona.ch\/online\/wp-json\/wp\/v2\/posts"}],"about":[{"href":"https:\/\/gab-bellinzona.ch\/online\/wp-json\/wp\/v2\/types\/post"}],"author":[{"embeddable":true,"href":"https:\/\/gab-bellinzona.ch\/online\/wp-json\/wp\/v2\/users\/2"}],"replies":[{"embeddable":true,"href":"https:\/\/gab-bellinzona.ch\/online\/wp-json\/wp\/v2\/comments?post=737"}],"version-history":[{"count":0,"href":"https:\/\/gab-bellinzona.ch\/online\/wp-json\/wp\/v2\/posts\/737\/revisions"}],"wp:attachment":[{"href":"https:\/\/gab-bellinzona.ch\/online\/wp-json\/wp\/v2\/media?parent=737"}],"wp:term":[{"taxonomy":"category","embeddable":true,"href":"https:\/\/gab-bellinzona.ch\/online\/wp-json\/wp\/v2\/categories?post=737"},{"taxonomy":"post_tag","embeddable":true,"href":"https:\/\/gab-bellinzona.ch\/online\/wp-json\/wp\/v2\/tags?post=737"}],"curies":[{"name":"wp","href":"https:\/\/api.w.org\/{rel}","templated":true}]}}