{"id":733,"date":"2019-08-28T15:45:51","date_gmt":"2019-08-28T13:45:51","guid":{"rendered":"http:\/\/gab-bellinzona.ch\/?p=7219"},"modified":"2019-08-28T20:39:53","modified_gmt":"2019-08-28T18:39:53","slug":"gala-dei-castelli-domenica-1-settembre","status":"publish","type":"post","link":"https:\/\/gab-bellinzona.ch\/online\/gala-dei-castelli-domenica-1-settembre\/","title":{"rendered":"Gal\u00e0 dei Castelli &#8211; Domenica 1\u00b0 settembre"},"content":{"rendered":"<p><strong>\u00c8 tempo di Gal\u00e0. <\/strong><\/p><p>Mancano solo pochi giorni al meeting internazionale: Gal\u00e0 dei Castelli<\/p><p>Trovi tutte le tue informazioni sul sito: <a href=\"https:\/\/www.galadeicastelli.ch\">www.galadeicastelli.ch<\/a><\/p>","protected":false},"excerpt":{"rendered":"<p>\u00c8 tempo di Gal\u00e0. Mancano solo pochi giorni al meeting internazionale: Gal\u00e0 dei Castelli Trovi tutte le tue informazioni sul sito: www.galadeicastelli.ch<\/p>\n","protected":false},"author":2,"featured_media":0,"comment_status":"closed","ping_status":"closed","sticky":false,"template":"","format":"standard","meta":{"footnotes":""},"categories":[],"tags":[],"class_list":["post-733","post","type-post","status-publish","format-standard"],"_links":{"self":[{"href":"https:\/\/gab-bellinzona.ch\/online\/wp-json\/wp\/v2\/posts\/733","targetHints":{"allow":["GET"]}}],"collection":[{"href":"https:\/\/gab-bellinzona.ch\/online\/wp-json\/wp\/v2\/posts"}],"about":[{"href":"https:\/\/gab-bellinzona.ch\/online\/wp-json\/wp\/v2\/types\/post"}],"author":[{"embeddable":true,"href":"https:\/\/gab-bellinzona.ch\/online\/wp-json\/wp\/v2\/users\/2"}],"replies":[{"embeddable":true,"href":"https:\/\/gab-bellinzona.ch\/online\/wp-json\/wp\/v2\/comments?post=733"}],"version-history":[{"count":0,"href":"https:\/\/gab-bellinzona.ch\/online\/wp-json\/wp\/v2\/posts\/733\/revisions"}],"wp:attachment":[{"href":"https:\/\/gab-bellinzona.ch\/online\/wp-json\/wp\/v2\/media?parent=733"}],"wp:term":[{"taxonomy":"category","embeddable":true,"href":"https:\/\/gab-bellinzona.ch\/online\/wp-json\/wp\/v2\/categories?post=733"},{"taxonomy":"post_tag","embeddable":true,"href":"https:\/\/gab-bellinzona.ch\/online\/wp-json\/wp\/v2\/tags?post=733"}],"curies":[{"name":"wp","href":"https:\/\/api.w.org\/{rel}","templated":true}]}}