{"id":718,"date":"2019-06-15T20:24:07","date_gmt":"2019-06-15T18:24:07","guid":{"rendered":"http:\/\/gab-bellinzona.ch\/?p=7078"},"modified":"2019-06-16T22:35:55","modified_gmt":"2019-06-16T20:35:55","slug":"ct-assoluti-locarno","status":"publish","type":"post","link":"https:\/\/gab-bellinzona.ch\/online\/ct-assoluti-locarno\/","title":{"rendered":"RISULTATI: CT Assoluti &#8211; Locarno"},"content":{"rendered":"<p style=\"text-align:center\"><a href=\"https:\/\/drive.google.com\/file\/d\/1MkQ_UlWJFh1nPcP2kGmNVMw2ZfECJfFs\/view\">&lt;&lt;RISULTATI COMPLETI SABATO E DOMENICA&gt;&gt;<\/a><\/p><p>Finiti i CT assoluti. Sotto il sole cocente dello stadio del Lido sono arrivate ulteriori medaglie in casa Gab. Titolo di campionessa ticinese assoluta e U20 per Gillian nel disco. Sui 200m secondo posto per Julian in 22&#8243;34. Negli 800m l&#8217;armata rossa maschile (8 atleti Gab su 13 atleti al via) non \u00e8 bastata per vincere il titolo, Mirko ha per\u00f2 chiuso secondo. Seconda anche Mara, beffata solo sul finale. Nell&#8217;ultima gara della giornata, Alessio \u00e8 andato a prendersi il secondo posto finendo in 56&#8243;83.<\/p><p>Complimenti a tutti! Grazie agli allenatori e a tutti i sostenitori giunti a Locarno. Forza GAB!!!<\/p><p><strong>Risultati domenica<\/strong><\/p><ul class=\"wp-block-list\"><li>Federica Pellegrini 200m 29&#8243;48<\/li><li>Mara Moser 800m 2&#8217;19&#8243;60 <strong>-> 2\u00b0 posto (1\u00b0 U20)<\/strong><\/li><li>Siria Cariboni 800m 2&#8217;23&#8243;12<\/li><li>Matilde Vitali lungo 4.82m<strong> PB<\/strong><\/li><li>Ilaria Gianinazzi lungo 4.75m <strong>PB<\/strong><\/li><li>Gillian Ferrari disco 34.10m <strong>-> 1\u00b0 posto Campionessa ticinese (1\u00b0 posto U20)<\/strong><\/li><li>Julian R\u00fcfenacht 200m Q 22&#8243;40 finale 22&#8243;34 SB <strong>-> 2\u00b0 posto (1\u00b0 U20)<\/strong><\/li><li>Leandro Broccucci 200m 23&#8243;51<\/li><li>Alessio Guidon 400mH 56&#8243;83 <strong>2\u00b0 posto (1\u00b0 U20)<\/strong><\/li><li>Mirko Tam\u00f2 800m 1&#8217;59&#8243;47 <strong>-> 2\u00b0 posto<\/strong><\/li><li>Roberto Simone 800m 2&#8217;02&#8243;48<\/li><li>Nicola Lo Russo 800m 2&#8217;02&#8243;96<\/li><li>Luca Innocenti 800m 2&#8217;04&#8243;97<\/li><li>Elia Bizzozero 800m 2&#8217;07&#8243;48<\/li><li>Filippo Balestra 800m 2&#8217;08&#8243;92<\/li><li>Mattia Fumagalli 800m 2&#8217;10&#8243;54<\/li><li>Siro Gentilini 800m 2&#8217;10&#8243;70<\/li><li>Alex Brechb\u00fchl disco 33.18m<\/li><\/ul><p><strong>SABATO<\/strong><\/p><p>Nella prima giornata di sabato sono gi\u00e0 arrivate 5 medaglie. Nei 400m secondo e terzo posto per Sabrina e Marta. Gara vinta dall&#8217;atleta cubana che corre per il Gab Lisneidy Ines, gi\u00e0 olimpionica, in 53&#8243;13!!! Grande tempo che non si vedeva in Ticino da parecchi anni. Nel peso 2\u00b0 posto per Jan mentre Gillian ha finito terza. Terzo posto anche per Jeanette nei 1500m.<\/p><p>Complimenti a tutti! Buona fortuna per domani! Forza GAB<\/p><p><strong>Risultati<\/strong> <strong>sabato<\/strong><\/p><table class=\"wp-block-table\"><tbody><tr><td>Gianinazzi Ilaria&nbsp;<\/td><td>100 m&nbsp;<\/td><td>13&#8243;41<\/td><\/tr><tr><td>Vitali Matilde&nbsp;<\/td><td>100 m&nbsp;<\/td><td>13&#8243;51<\/td><\/tr><tr><td>Schmid Rebecca&nbsp;<\/td><td>100 m&nbsp;<\/td><td>13&#8243;75<\/td><\/tr><tr><td>Pellegrini Federica&nbsp;<\/td><td>100 m&nbsp;<\/td><td>14&#8243;26<\/td><\/tr><tr><td>Innocenti Sabrina&nbsp;<\/td><td>400 m&nbsp;<\/td><td>58&#8243;84 <strong>-&gt; 2\u00b0 posto<\/strong><\/td><\/tr><tr><td>Veitia Cordova Lisneidy Ines&nbsp;<\/td><td>400 m&nbsp;<\/td><td>53&#8243;13<\/td><\/tr><tr><td>Tagliabue Marta&nbsp;<\/td><td>400 m&nbsp;<\/td><td>60&#8243;33 <strong>-&gt; 3\u00b0 posto<\/strong><\/td><\/tr><tr><td>Toffoli Laura&nbsp;<\/td><td>400 m&nbsp;<\/td><td>65&#8243;17<\/td><\/tr><tr><td>Bragagnolo Jeannette&nbsp;<\/td><td>1500 m&nbsp;<\/td><td><strong>-&gt;3\u00b0 posto<\/strong><\/td><\/tr><tr><td>Ferrari Gillian&nbsp;<\/td><td>Peso 4.00 kg&nbsp;<\/td><td>10.46m <strong>-&gt; 3\u00b0 posto<\/strong><\/td><\/tr><tr><td><\/td><td>Giavellotto<\/td><td>31.02m <strong>PB<\/strong><\/td><\/tr><tr><td>R\u00fcfenacht Julian&nbsp;<\/td><td>100 m&nbsp;<\/td><td>11&#8243;31 finale 11&#8243;46<\/td><\/tr><tr><td>Broccucci Leandro&nbsp;<\/td><td>100 m<\/td><td>11&#8243;51 <strong>PB<\/strong><\/td><\/tr><tr><td>Fumagalli Nicola&nbsp;<\/td><td>100 m&nbsp;<\/td><td>11&#8243;68<\/td><\/tr><tr><td>Nembrini Alessio&nbsp;<\/td><td>100 m&nbsp;<\/td><td>11&#8243;86<\/td><\/tr><tr><td>Cariboni Giacomo&nbsp;<\/td><td>100 m&nbsp;<\/td><td>12&#8243;42<\/td><\/tr><tr><td>Lo Russo Nicola&nbsp;<\/td><td>400 m&nbsp;<\/td><td>51&#8243;65<\/td><\/tr><tr><td>Guidon Alessio&nbsp;<\/td><td>400 m&nbsp;<\/td><td>52&#8243;10<\/td><\/tr><tr><td>Gioia Giuseppe&nbsp;<\/td><td>1500 m&nbsp;<\/td><td>4&#8217;21&#8243;47<\/td><\/tr><tr><td>Verzaroli Mattia&nbsp;<\/td><td>1500 m&nbsp;<\/td><td>4&#8217;26&#8243;84<\/td><\/tr><tr><td>Colombini Jan&nbsp;<\/td><td>Peso 7.26 kg&nbsp;<\/td><td>11.02m <strong>-&gt; 2\u00b0 posto<\/strong><\/td><\/tr><\/tbody><\/table><ul class=\"wp-block-gallery columns-3 is-cropped wp-block-gallery-1 is-layout-flex wp-block-gallery-is-layout-flex\"><li class=\"blocks-gallery-item\"><figure><img decoding=\"async\" src=\"http:\/\/gab-bellinzona.ch\/wp\/wp-content\/uploads\/2019\/06\/IMG_2003-2-900x1024.jpg\" alt=\"\" data-id=\"7090\" class=\"wp-image-7090\"\/><\/figure><\/li><li class=\"blocks-gallery-item\"><figure><img decoding=\"async\" src=\"http:\/\/gab-bellinzona.ch\/wp\/wp-content\/uploads\/2019\/06\/IMG_1923-1-1024x683.jpg\" alt=\"\" data-id=\"7091\" data-link=\"http:\/\/gab-bellinzona.ch\/?attachment_id=7091\" class=\"wp-image-7091\"\/><\/figure><\/li><li class=\"blocks-gallery-item\"><figure><img decoding=\"async\" src=\"http:\/\/gab-bellinzona.ch\/wp\/wp-content\/uploads\/2019\/06\/IMG_1977-1-1024x1010.jpg\" alt=\"\" data-id=\"7092\" data-link=\"http:\/\/gab-bellinzona.ch\/?attachment_id=7092\" class=\"wp-image-7092\"\/><\/figure><\/li><\/ul><p><strong>AthletiCAGeneve<\/strong><\/p><p>Mattia Tajana era invece in gara a Ginevra al meeting internazionale. Mattia ha concluso la sua gara sui 400mh in 52&#8243;46m<\/p><ul class=\"wp-block-list\"><li>Mattia Tajana 400mH 52&#8243;46<\/li><\/ul><p style=\"text-align:center\"><a href=\"https:\/\/atleticageneve.ch\/live\/2019\/timetable1.php\">&lt;&lt;Risultati completi&gt;&gt;<\/a><\/p>","protected":false},"excerpt":{"rendered":"<p>&lt;&lt;RISULTATI COMPLETI SABATO E DOMENICA&gt;&gt; Finiti i CT assoluti. Sotto il sole cocente dello stadio del Lido sono arrivate ulteriori medaglie in casa Gab. Titolo di campionessa ticinese assoluta e [&hellip;]<\/p>\n","protected":false},"author":2,"featured_media":0,"comment_status":"closed","ping_status":"closed","sticky":false,"template":"","format":"standard","meta":{"footnotes":""},"categories":[],"tags":[],"class_list":["post-718","post","type-post","status-publish","format-standard"],"_links":{"self":[{"href":"https:\/\/gab-bellinzona.ch\/online\/wp-json\/wp\/v2\/posts\/718","targetHints":{"allow":["GET"]}}],"collection":[{"href":"https:\/\/gab-bellinzona.ch\/online\/wp-json\/wp\/v2\/posts"}],"about":[{"href":"https:\/\/gab-bellinzona.ch\/online\/wp-json\/wp\/v2\/types\/post"}],"author":[{"embeddable":true,"href":"https:\/\/gab-bellinzona.ch\/online\/wp-json\/wp\/v2\/users\/2"}],"replies":[{"embeddable":true,"href":"https:\/\/gab-bellinzona.ch\/online\/wp-json\/wp\/v2\/comments?post=718"}],"version-history":[{"count":0,"href":"https:\/\/gab-bellinzona.ch\/online\/wp-json\/wp\/v2\/posts\/718\/revisions"}],"wp:attachment":[{"href":"https:\/\/gab-bellinzona.ch\/online\/wp-json\/wp\/v2\/media?parent=718"}],"wp:term":[{"taxonomy":"category","embeddable":true,"href":"https:\/\/gab-bellinzona.ch\/online\/wp-json\/wp\/v2\/categories?post=718"},{"taxonomy":"post_tag","embeddable":true,"href":"https:\/\/gab-bellinzona.ch\/online\/wp-json\/wp\/v2\/tags?post=718"}],"curies":[{"name":"wp","href":"https:\/\/api.w.org\/{rel}","templated":true}]}}