{"id":716,"date":"2019-06-10T22:12:42","date_gmt":"2019-06-10T20:12:42","guid":{"rendered":"http:\/\/gab-bellinzona.ch\/?p=7070"},"modified":"2019-06-10T22:12:43","modified_gmt":"2019-06-10T20:12:43","slug":"susanne-meier-memorial-basilea-2","status":"publish","type":"post","link":"https:\/\/gab-bellinzona.ch\/online\/susanne-meier-memorial-basilea-2\/","title":{"rendered":"Susanne Meier Memorial &#8211; Basilea"},"content":{"rendered":"<p>Si \u00e8 svolta luned\u00ec 10 giugno la classica tappa del weekend pentecostale. Sulla pista Sch\u00fctzenmatte di Basilea, dove si terranno i Campionati svizzeri assoluti il 23 e 24 agosto, \u00e8 sceso in pista solo Alessio. Per non essere da meno agli atleti che hanno corso sabato a Zofingen, Alessio ha stabilito la sua nuova miglior prestazione personale in 56&#8243;37.<\/p><p><strong>Risultati<\/strong><\/p><ul class=\"wp-block-list\"><li>Alessio Guidon 400mH 56&#8243;37 <strong>PB<\/strong><\/li><\/ul><div class=\"wp-block-file aligncenter\"><a href=\"http:\/\/gab-bellinzona.ch\/wp\/wp-content\/uploads\/2019\/06\/SMM-2019-Rangliste.pdf\">RISULTATI<\/a><a href=\"http:\/\/gab-bellinzona.ch\/wp\/wp-content\/uploads\/2019\/06\/SMM-2019-Rangliste.pdf\" class=\"wp-block-file__button\" download>Download<\/a><\/div><p>Complimenti Alessio e complimenti al suo allenatore Massimo &#8220;Mimo&#8221; Balestra!!!<\/p><p>Prossimo appuntamento:<a href=\"https:\/\/drive.google.com\/file\/d\/1jRbEp-YKcLtToWHW4gXx0vj4dk-4KwKu\/view\"> Meeting serale lanci &#8211; Tenero -> mercoled\u00ec 12 giugno<\/a><\/p>","protected":false},"excerpt":{"rendered":"<p>Si \u00e8 svolta luned\u00ec 10 giugno la classica tappa del weekend pentecostale. Sulla pista Sch\u00fctzenmatte di Basilea, dove si terranno i Campionati svizzeri assoluti il 23 e 24 agosto, \u00e8 [&hellip;]<\/p>\n","protected":false},"author":2,"featured_media":0,"comment_status":"closed","ping_status":"closed","sticky":false,"template":"","format":"standard","meta":{"footnotes":""},"categories":[],"tags":[],"class_list":["post-716","post","type-post","status-publish","format-standard"],"_links":{"self":[{"href":"https:\/\/gab-bellinzona.ch\/online\/wp-json\/wp\/v2\/posts\/716","targetHints":{"allow":["GET"]}}],"collection":[{"href":"https:\/\/gab-bellinzona.ch\/online\/wp-json\/wp\/v2\/posts"}],"about":[{"href":"https:\/\/gab-bellinzona.ch\/online\/wp-json\/wp\/v2\/types\/post"}],"author":[{"embeddable":true,"href":"https:\/\/gab-bellinzona.ch\/online\/wp-json\/wp\/v2\/users\/2"}],"replies":[{"embeddable":true,"href":"https:\/\/gab-bellinzona.ch\/online\/wp-json\/wp\/v2\/comments?post=716"}],"version-history":[{"count":0,"href":"https:\/\/gab-bellinzona.ch\/online\/wp-json\/wp\/v2\/posts\/716\/revisions"}],"wp:attachment":[{"href":"https:\/\/gab-bellinzona.ch\/online\/wp-json\/wp\/v2\/media?parent=716"}],"wp:term":[{"taxonomy":"category","embeddable":true,"href":"https:\/\/gab-bellinzona.ch\/online\/wp-json\/wp\/v2\/categories?post=716"},{"taxonomy":"post_tag","embeddable":true,"href":"https:\/\/gab-bellinzona.ch\/online\/wp-json\/wp\/v2\/tags?post=716"}],"curies":[{"name":"wp","href":"https:\/\/api.w.org\/{rel}","templated":true}]}}