{"id":704,"date":"2019-04-23T20:04:38","date_gmt":"2019-04-23T18:04:38","guid":{"rendered":"http:\/\/gab-bellinzona.ch\/?p=6938"},"modified":"2019-04-27T21:29:34","modified_gmt":"2019-04-27T19:29:34","slug":"cervia-2019","status":"publish","type":"post","link":"https:\/\/gab-bellinzona.ch\/online\/cervia-2019\/","title":{"rendered":"Voci da Cervia &#8211; Gran finale!"},"content":{"rendered":"<p>Appena il tempo di godersi un po&#8217; di sole che \u00e8 gi\u00e0 ora di rientrare. Poco male, mercoled\u00ec primo maggio \u00e8 gi\u00e0 tempo di gare. Il Gab, i suoi atleti e allenatori ringraziano Gino Calderoni e il personale del hotel President di Tagliata di Cervia per la loro accoglienza! All&#8217;anno prossimo ;D<\/p><p>Le foto del campo saranno pubblicate appena possibile.<\/p><ul class=\"wp-block-list\"><li><a href=\"https:\/\/youtu.be\/a68Ntm1IIZI\">INTERVISTA #1 Alessio e Nicola LR.<\/a><\/li><li><a href=\"https:\/\/www.youtube.com\/watch?v=wXXLEbQF8lk&amp;feature=share\">INTERVISTA #2 Federica e Selene<\/a><\/li><li><a href=\"https:\/\/www.youtube.com\/watch?v=OOEfZwwV8D4&amp;feature=youtu.be\">INTERVISTA #3 Mattia e Nicola F.<\/a><\/li><li><a href=\"https:\/\/youtu.be\/sdNDUquZ2Ig\">INTERVISTA #4 Siro e Rebecca<\/a><\/li><li><a href=\"https:\/\/youtu.be\/hCzIqAAHaKM\">INTERVISTA #5 Chico e Mimo<\/a><\/li><li><a href=\"https:\/\/youtu.be\/2nMOQxa1x-8\">INTERVISTA FINALE #6 Presidentissimi Laura e Caba<\/a><\/li><\/ul><p><strong>Intro<\/strong><\/p><p>Partito il campo pasquale! Anche quest\u2019anno i nostri atleti si sono spostati a Cervia per affrontare una settimana di duri allenamenti e sedute di solarium naturale in spiaggia. <\/p><p>I pi\u00f9 giovani abbinano gli allenamenti con qualche tiro al pallone, sedute di studio e un po&#8217; di musica sul balcone. Gli atleti pi\u00f9 &#8220;esperti&#8221; invece si godono un caff\u00e8 in spiaggia tra i pisolini pre e post allenamento. Ognuno vive insomma il campo a modo suo, ma sicuramente lo spirito di gruppo prevale. Anche se l&#8217;atletica \u00e8 un sport individuale in pista e nel tempo libero i nostri atleti si divertono in compagnia. Per mostrarvi alcune impressioni dall&#8217;Emilia Romagna, quest&#8217;anno vi proponiamo delle interviste con alcuni di loro.<\/p><ul class=\"wp-block-gallery columns-3 is-cropped wp-block-gallery-1 is-layout-flex wp-block-gallery-is-layout-flex\"><li class=\"blocks-gallery-item\"><figure><img decoding=\"async\" src=\"http:\/\/gab-bellinzona.ch\/wp\/wp-content\/uploads\/2019\/04\/IMG_1793-copia-1024x683.jpg\" alt=\"\" data-id=\"6961\" data-link=\"http:\/\/gab-bellinzona.ch\/cervia-2019\/img_1793-copia\/\" class=\"wp-image-6961\"\/><\/figure><\/li><li class=\"blocks-gallery-item\"><figure><img decoding=\"async\" src=\"http:\/\/gab-bellinzona.ch\/wp\/wp-content\/uploads\/2019\/04\/IMG_1754-copia-1024x683.jpg\" alt=\"\" data-id=\"6963\" data-link=\"http:\/\/gab-bellinzona.ch\/cervia-2019\/img_1754-copia\/\" class=\"wp-image-6963\"\/><\/figure><\/li><li class=\"blocks-gallery-item\"><figure><img decoding=\"async\" src=\"http:\/\/gab-bellinzona.ch\/wp\/wp-content\/uploads\/2019\/04\/IMG_1610-copia-1024x683.jpg\" alt=\"\" data-id=\"6964\" data-link=\"http:\/\/gab-bellinzona.ch\/cervia-2019\/img_1610-copia\/\" class=\"wp-image-6964\"\/><\/figure><\/li><li class=\"blocks-gallery-item\"><figure><img decoding=\"async\" src=\"http:\/\/gab-bellinzona.ch\/wp\/wp-content\/uploads\/2019\/04\/IMG_1548-copia-1024x683.jpg\" alt=\"\" data-id=\"6965\" data-link=\"http:\/\/gab-bellinzona.ch\/cervia-2019\/img_1548-copia\/\" class=\"wp-image-6965\"\/><\/figure><\/li><li class=\"blocks-gallery-item\"><figure><img decoding=\"async\" src=\"http:\/\/gab-bellinzona.ch\/wp\/wp-content\/uploads\/2019\/04\/IMG_1533-copia-1024x683.jpg\" alt=\"\" data-id=\"6966\" data-link=\"http:\/\/gab-bellinzona.ch\/cervia-2019\/img_1533-copia\/\" class=\"wp-image-6966\"\/><\/figure><\/li><li class=\"blocks-gallery-item\"><figure><img decoding=\"async\" src=\"http:\/\/gab-bellinzona.ch\/wp\/wp-content\/uploads\/2019\/04\/IMG_0683-copia-1024x778.jpg\" alt=\"\" data-id=\"6968\" data-link=\"http:\/\/gab-bellinzona.ch\/cervia-2019\/img_0683-copia\/\" class=\"wp-image-6968\"\/><\/figure><\/li><li class=\"blocks-gallery-item\"><figure><img decoding=\"async\" src=\"http:\/\/gab-bellinzona.ch\/wp\/wp-content\/uploads\/2019\/04\/IMG_1541-copia-1.jpg\" alt=\"\" data-id=\"6970\" data-link=\"http:\/\/gab-bellinzona.ch\/cervia-2019\/img_1541-copia-2\/\" class=\"wp-image-6970\"\/><\/figure><\/li><\/ul><figure class=\"wp-block-image\"><img decoding=\"async\" src=\"http:\/\/gab-bellinzona.ch\/wp\/wp-content\/uploads\/2019\/04\/Schermata-2019-04-21-alle-21.55.31-1024x580.png\" alt=\"\" class=\"wp-image-6941\"\/><figcaption>Nicola Lo Russo e Alessio Guidon<br><\/figcaption><\/figure><figure class=\"wp-block-image\"><img decoding=\"async\" src=\"http:\/\/gab-bellinzona.ch\/wp\/wp-content\/uploads\/2019\/04\/Image-1-1024x584.jpg\" alt=\"\" class=\"wp-image-6953\"\/><figcaption>Federica Pellegrini e Selene Tajana<\/figcaption><\/figure><figure class=\"wp-block-image\"><img decoding=\"async\" src=\"http:\/\/gab-bellinzona.ch\/wp\/wp-content\/uploads\/2019\/04\/Schermata-2019-04-23-alle-21.08.05-1024x557.png\" alt=\"\" class=\"wp-image-6956\"\/><figcaption>Mattia e Nicola Fumagalli<\/figcaption><\/figure><figure class=\"wp-block-image\"><img decoding=\"async\" src=\"http:\/\/gab-bellinzona.ch\/wp\/wp-content\/uploads\/2019\/04\/Schermata-2019-04-24-alle-19.14.14-1024x566.png\" alt=\"\" class=\"wp-image-6958\"\/><figcaption>Rebecca Schmid e Siro Gentilini<\/figcaption><\/figure><p><\/p>","protected":false},"excerpt":{"rendered":"<p>Appena il tempo di godersi un po&#8217; di sole che \u00e8 gi\u00e0 ora di rientrare. Poco male, mercoled\u00ec primo maggio \u00e8 gi\u00e0 tempo di gare. Il Gab, i suoi atleti [&hellip;]<\/p>\n","protected":false},"author":2,"featured_media":0,"comment_status":"closed","ping_status":"closed","sticky":false,"template":"","format":"standard","meta":{"footnotes":""},"categories":[],"tags":[],"class_list":["post-704","post","type-post","status-publish","format-standard"],"_links":{"self":[{"href":"https:\/\/gab-bellinzona.ch\/online\/wp-json\/wp\/v2\/posts\/704","targetHints":{"allow":["GET"]}}],"collection":[{"href":"https:\/\/gab-bellinzona.ch\/online\/wp-json\/wp\/v2\/posts"}],"about":[{"href":"https:\/\/gab-bellinzona.ch\/online\/wp-json\/wp\/v2\/types\/post"}],"author":[{"embeddable":true,"href":"https:\/\/gab-bellinzona.ch\/online\/wp-json\/wp\/v2\/users\/2"}],"replies":[{"embeddable":true,"href":"https:\/\/gab-bellinzona.ch\/online\/wp-json\/wp\/v2\/comments?post=704"}],"version-history":[{"count":0,"href":"https:\/\/gab-bellinzona.ch\/online\/wp-json\/wp\/v2\/posts\/704\/revisions"}],"wp:attachment":[{"href":"https:\/\/gab-bellinzona.ch\/online\/wp-json\/wp\/v2\/media?parent=704"}],"wp:term":[{"taxonomy":"category","embeddable":true,"href":"https:\/\/gab-bellinzona.ch\/online\/wp-json\/wp\/v2\/categories?post=704"},{"taxonomy":"post_tag","embeddable":true,"href":"https:\/\/gab-bellinzona.ch\/online\/wp-json\/wp\/v2\/tags?post=704"}],"curies":[{"name":"wp","href":"https:\/\/api.w.org\/{rel}","templated":true}]}}