{"id":703,"date":"2019-04-17T20:47:47","date_gmt":"2019-04-17T18:47:47","guid":{"rendered":"http:\/\/gab-bellinzona.ch\/?p=6912"},"modified":"2019-04-17T20:48:56","modified_gmt":"2019-04-17T18:48:56","slug":"amacord-verso-cervia-2019","status":"publish","type":"post","link":"https:\/\/gab-bellinzona.ch\/online\/amacord-verso-cervia-2019\/","title":{"rendered":"Amacord &#8211; Verso Cervia 2019"},"content":{"rendered":"<p>Mancano solo pochi giorni alla partenza per Cervia. La partenza \u00e8 fissata per sabato 20 aprile, ore 6:00, presso la SOCAR di Camorino. Prima della partenza vogliamo per\u00f2 fare un salto nel passato! Siamo andati a curiosare nel nostro archivio foto (sempre accessibile <a href=\"http:\/\/gab-bellinzona.ch\/archivio_foto\/\">QUI<\/a>) e abbiamo cercato le foto dei partecipanti ai vari campi pasquali. <\/p><div class=\"wp-block-image\"><figure class=\"aligncenter is-resized\"><img loading=\"lazy\" decoding=\"async\" src=\"http:\/\/gab-bellinzona.ch\/wp\/wp-content\/uploads\/2019\/04\/Schermata-2019-04-17-alle-20.43.03.png\" alt=\"\" class=\"wp-image-6932\" width=\"280\" height=\"261\"\/><\/figure><\/div><p>Il primo campo si tenne nel 1983 a Tirrenia, quartiere di Pisa sulle sponde del Mar Tirrenico, dove il campo si \u00e8 svolto fino al 2009. Nel 2010 il Gab affronta una lunga trasferta in treno in direzione Formia. Nella cittadina laziale gli atleti hanno potuto sfruttare le infrastrutture del Centro di Preparazione olimpica del CONI. La trasferta \u00e8 per\u00f2 troppo pesante per una settimana di campo, nel 2011 si cambia ancora. 2011 \u00e8 sinonimo di Riccione. Per la prima volta il Gab si presenta sulla costa adriatica. L&#8217;Emilia Romagna sembra essere la met\u00e0 perfetta. Nel 2012 ci si sposta poco pi\u00f9 a nord fino a Cervia che presenta alcuni vantaggi in pi\u00f9. Una pineta sul lungomare e uno stadio riservato solo all&#8217;atletica.  <\/p><figure class=\"wp-block-image\"><img decoding=\"async\" src=\"http:\/\/gab-bellinzona.ch\/wp\/wp-content\/uploads\/2019\/04\/2005_Tirrenia.jpg\" alt=\"\" class=\"wp-image-6913\"\/><figcaption>TIRRENIA 2005<\/figcaption><\/figure><figure class=\"wp-block-image\"><img decoding=\"async\" src=\"http:\/\/gab-bellinzona.ch\/wp\/wp-content\/uploads\/2019\/04\/2006-Tirrenia.jpg\" alt=\"\" class=\"wp-image-6914\"\/><figcaption>TIRRENIA 2006<\/figcaption><\/figure><figure class=\"wp-block-image\"><img decoding=\"async\" src=\"http:\/\/gab-bellinzona.ch\/wp\/wp-content\/uploads\/2019\/04\/2009_TIrrenia-1024x686.jpg\" alt=\"\" class=\"wp-image-6915\"\/><figcaption>TIRRENIA 2009<\/figcaption><\/figure><figure class=\"wp-block-image\"><img decoding=\"async\" src=\"http:\/\/gab-bellinzona.ch\/wp\/wp-content\/uploads\/2019\/04\/2010_Formia-1024x740.jpg\" alt=\"\" class=\"wp-image-6916\"\/><figcaption>FORMIA 2010<br><br><\/figcaption><\/figure><figure class=\"wp-block-image\"><img decoding=\"async\" src=\"http:\/\/gab-bellinzona.ch\/wp\/wp-content\/uploads\/2019\/04\/2013_-Cervia.jpg\" alt=\"\" class=\"wp-image-6918\"\/><figcaption>CERVIA 2013<\/figcaption><\/figure><figure class=\"wp-block-image\"><img decoding=\"async\" src=\"http:\/\/gab-bellinzona.ch\/wp\/wp-content\/uploads\/2019\/04\/2012_Cervia-1024x685.jpg\" alt=\"\" class=\"wp-image-6917\"\/><figcaption>CERVIA 2012<\/figcaption><\/figure><figure class=\"wp-block-image\"><img decoding=\"async\" src=\"http:\/\/gab-bellinzona.ch\/wp\/wp-content\/uploads\/2019\/04\/2014_Cervia.jpg\" alt=\"\" class=\"wp-image-6919\"\/><figcaption>CERVIA 2014<\/figcaption><\/figure><figure class=\"wp-block-image\"><img decoding=\"async\" src=\"http:\/\/gab-bellinzona.ch\/wp\/wp-content\/uploads\/2019\/04\/2015_Cervia-1.jpg\" alt=\"\" class=\"wp-image-6921\"\/><figcaption>CERVIA 2015<\/figcaption><\/figure><figure class=\"wp-block-image\"><img decoding=\"async\" src=\"http:\/\/gab-bellinzona.ch\/wp\/wp-content\/uploads\/2019\/04\/2016_Cervia-1024x686.jpg\" alt=\"\" class=\"wp-image-6922\"\/><figcaption>CERVIA 2016<\/figcaption><\/figure><figure class=\"wp-block-image\"><img decoding=\"async\" src=\"http:\/\/gab-bellinzona.ch\/wp\/wp-content\/uploads\/2019\/04\/2017_Cervia-1024x683.jpg\" alt=\"\" class=\"wp-image-6923\"\/><figcaption>CERVIA 2017<\/figcaption><\/figure><figure class=\"wp-block-image\"><img decoding=\"async\" src=\"http:\/\/gab-bellinzona.ch\/wp\/wp-content\/uploads\/2019\/04\/2018_Cervia.jpg\" alt=\"\" class=\"wp-image-6925\"\/><figcaption>CERVIA 2018<\/figcaption><\/figure>","protected":false},"excerpt":{"rendered":"<p>Mancano solo pochi giorni alla partenza per Cervia. La partenza \u00e8 fissata per sabato 20 aprile, ore 6:00, presso la SOCAR di Camorino. Prima della partenza vogliamo per\u00f2 fare un [&hellip;]<\/p>\n","protected":false},"author":2,"featured_media":0,"comment_status":"closed","ping_status":"closed","sticky":false,"template":"","format":"standard","meta":{"footnotes":""},"categories":[],"tags":[],"class_list":["post-703","post","type-post","status-publish","format-standard"],"_links":{"self":[{"href":"https:\/\/gab-bellinzona.ch\/online\/wp-json\/wp\/v2\/posts\/703","targetHints":{"allow":["GET"]}}],"collection":[{"href":"https:\/\/gab-bellinzona.ch\/online\/wp-json\/wp\/v2\/posts"}],"about":[{"href":"https:\/\/gab-bellinzona.ch\/online\/wp-json\/wp\/v2\/types\/post"}],"author":[{"embeddable":true,"href":"https:\/\/gab-bellinzona.ch\/online\/wp-json\/wp\/v2\/users\/2"}],"replies":[{"embeddable":true,"href":"https:\/\/gab-bellinzona.ch\/online\/wp-json\/wp\/v2\/comments?post=703"}],"version-history":[{"count":0,"href":"https:\/\/gab-bellinzona.ch\/online\/wp-json\/wp\/v2\/posts\/703\/revisions"}],"wp:attachment":[{"href":"https:\/\/gab-bellinzona.ch\/online\/wp-json\/wp\/v2\/media?parent=703"}],"wp:term":[{"taxonomy":"category","embeddable":true,"href":"https:\/\/gab-bellinzona.ch\/online\/wp-json\/wp\/v2\/categories?post=703"},{"taxonomy":"post_tag","embeddable":true,"href":"https:\/\/gab-bellinzona.ch\/online\/wp-json\/wp\/v2\/tags?post=703"}],"curies":[{"name":"wp","href":"https:\/\/api.w.org\/{rel}","templated":true}]}}