{"id":696,"date":"2019-02-20T22:09:34","date_gmt":"2019-02-20T21:09:34","guid":{"rendered":"http:\/\/gab-bellinzona.ch\/?p=6822"},"modified":"2019-02-24T21:01:32","modified_gmt":"2019-02-24T20:01:32","slug":"sabato-24-febbraio-campionati-svizzeri-giovanili-macolin","status":"publish","type":"post","link":"https:\/\/gab-bellinzona.ch\/online\/sabato-24-febbraio-campionati-svizzeri-giovanili-macolin\/","title":{"rendered":"RISULTATI: Campionati svizzeri giovanili &#8211; Macolin"},"content":{"rendered":"<p><strong>10 PB, 5 finali A, 2 finali B!<\/strong><\/p><p>Il Gab si presentava a Macolin con molte ambizioni. Con ben 15 atleti al via nelle tre categorie (U16\/U18\/U20) e con diversi medagliati dei passati Campionati svizzeri giovanili outdoor. Si contano sulle mani le squadre che hanno portato pi\u00f9 atleti a Macolin, e tutte squadre di grandi citt\u00e0, come LC Z\u00fcrich, Lausanne-Sport e ST Bern.<\/p><p>Questo weekend purtroppo per il Gab non sono arrivate medaglie, ma analizzando le prestazioni e i piazzamenti ci si accorge che i risultati sono pi\u00f9 che ottimi. Molti dei nostri atleti si trovano al primo anno nella nuova categoria e corrono cos\u00ec con avversari di un anno pi\u00f9 grandi. Complessivamente sono state raggiunte 7 finali, con 10 atleti su 15 che hanno corso un primato personale. Non si possono che fare i complimenti agli atleti ma anche agli allenatori, che rendono tutto ci\u00f2 possibile. Forza Gab!<\/p><p><strong>Atleti al via:<\/strong><br><\/p><ul class=\"wp-block-list\"><li>Mara Moser U20 1000m Q 3&#8217;02&#8217;10 PB -> Finale A 3&#8217;06&#8243;34 -> <strong>6\u00b0 posto<\/strong><\/li><li>Gillian Ferrai U20 Peso 10.15 PB -> <strong>8\u00b0 posto<\/strong><\/li><li>Siria Cariboni U18 1000m Q 3&#8217;15&#8243;51<\/li><li>Ilaria Gianinazzi U18 60m 8&#8243;44 PB<\/li><li>Nicola Lo Russo U20 1000m Q 2&#8217;40&#8243;90 PB ->Finale A 2&#8217;45&#8243;46 <strong>-> 9\u00b0 posto<\/strong><\/li><li>Mattia Verzaroli U20 1000m Q 2&#8217;41&#8243;61 PB<\/li><li>Alessio Guidon U20 200m Q 23&#8243;42 PB -> Finale B 23&#8243;63 -> <strong>8\u00b0 posto<\/strong><\/li><li>Julian R\u00fcfenacht U20 200m Q 22&#8243;86 Finale B 22&#8243;63<strong> <\/strong>PB\u00a0\u00a0-><strong> 5\u00b0\u00a0posto<\/strong><\/li><li>Leandro Broccucci U20 60m Q 7&#8243;54<\/li><li>Luca Innocenti U18 1000m Q 2&#8217;46&#8217;06<\/li><li>Filippo Balestra U18 1000m Q 2&#8217;50&#8243;67 PB<\/li><li>Siro Gentilini U18 1000m Q 2&#8217;57&#8243;65 PB<\/li><li>Nathan Oberti U18 60m Q 7&#8243;25 -> Finale A 7&#8243;18 -> <strong>5\u00b0 posto<\/strong>, 60mH Q 8&#8243;35 -> Finale A 8&#8243;51 -> <strong>5\u00b0 posto<\/strong><\/li><li>Nicola Fumagalli U18 60mH Q 8&#8243;52-> Finale A 8&#8243;66 -> <strong>6\u00b0 posto<\/strong><\/li><li>Giulian Guidon U18 1000m Q 2&#8217;57&#8243;49 PB<\/li><\/ul><p style=\"text-align:center\"><a href=\"http:\/\/www.hallennachwuchssm.ch\/pdf\/Rangliste_HNSM_2019.pdf\">RISULTATI UFFICIALI<\/a><\/p><ul class=\"wp-block-gallery columns-3 is-cropped wp-block-gallery-1 is-layout-flex wp-block-gallery-is-layout-flex\"><li class=\"blocks-gallery-item\"><figure><img decoding=\"async\" src=\"http:\/\/gab-bellinzona.ch\/wp\/wp-content\/uploads\/2019\/02\/1e2d86df-74ef-4f43-8da7-97d685d33ac9.jpg\" alt=\"\" data-id=\"6832\" data-link=\"http:\/\/gab-bellinzona.ch\/sabato-24-febbraio-campionati-svizzeri-giovanili-macolin\/1e2d86df-74ef-4f43-8da7-97d685d33ac9\/\" class=\"wp-image-6832\"\/><\/figure><\/li><li class=\"blocks-gallery-item\"><figure><img decoding=\"async\" src=\"http:\/\/gab-bellinzona.ch\/wp\/wp-content\/uploads\/2019\/02\/6bec5b13-7c56-4692-9509-39b3ef329777.jpg\" alt=\"\" data-id=\"6834\" data-link=\"http:\/\/gab-bellinzona.ch\/sabato-24-febbraio-campionati-svizzeri-giovanili-macolin\/6bec5b13-7c56-4692-9509-39b3ef329777\/\" class=\"wp-image-6834\"\/><\/figure><\/li><li class=\"blocks-gallery-item\"><figure><img decoding=\"async\" src=\"http:\/\/gab-bellinzona.ch\/wp\/wp-content\/uploads\/2019\/02\/9bdd2653-e507-4707-bfe1-b448a63f662b-710x1024.jpg\" alt=\"\" data-id=\"6835\" data-link=\"http:\/\/gab-bellinzona.ch\/sabato-24-febbraio-campionati-svizzeri-giovanili-macolin\/9bdd2653-e507-4707-bfe1-b448a63f662b\/\" class=\"wp-image-6835\"\/><\/figure><\/li><li class=\"blocks-gallery-item\"><figure><img decoding=\"async\" src=\"http:\/\/gab-bellinzona.ch\/wp\/wp-content\/uploads\/2019\/02\/9f97d062-f768-4a03-a38d-88c7cd6d5d27-759x1024.jpg\" alt=\"\" data-id=\"6836\" data-link=\"http:\/\/gab-bellinzona.ch\/sabato-24-febbraio-campionati-svizzeri-giovanili-macolin\/9f97d062-f768-4a03-a38d-88c7cd6d5d27\/\" class=\"wp-image-6836\"\/><\/figure><\/li><li class=\"blocks-gallery-item\"><figure><img decoding=\"async\" src=\"http:\/\/gab-bellinzona.ch\/wp\/wp-content\/uploads\/2019\/02\/9f695bdd-3bff-42c0-8d9a-b4414814af78-712x1024.jpg\" alt=\"\" data-id=\"6837\" data-link=\"http:\/\/gab-bellinzona.ch\/sabato-24-febbraio-campionati-svizzeri-giovanili-macolin\/9f695bdd-3bff-42c0-8d9a-b4414814af78\/\" class=\"wp-image-6837\"\/><\/figure><\/li><li class=\"blocks-gallery-item\"><figure><img decoding=\"async\" src=\"http:\/\/gab-bellinzona.ch\/wp\/wp-content\/uploads\/2019\/02\/87d58b6b-a293-404d-b5e1-3a0c090b3895-1.jpg\" alt=\"\" data-id=\"6838\" data-link=\"http:\/\/gab-bellinzona.ch\/sabato-24-febbraio-campionati-svizzeri-giovanili-macolin\/87d58b6b-a293-404d-b5e1-3a0c090b3895-2\/\" class=\"wp-image-6838\"\/><\/figure><\/li><li class=\"blocks-gallery-item\"><figure><img decoding=\"async\" src=\"http:\/\/gab-bellinzona.ch\/wp\/wp-content\/uploads\/2019\/02\/694d26c2-bc47-469c-b4e6-9ce8b5f4b6fe-745x1024.jpg\" alt=\"\" data-id=\"6839\" data-link=\"http:\/\/gab-bellinzona.ch\/sabato-24-febbraio-campionati-svizzeri-giovanili-macolin\/694d26c2-bc47-469c-b4e6-9ce8b5f4b6fe\/\" class=\"wp-image-6839\"\/><\/figure><\/li><li class=\"blocks-gallery-item\"><figure><img decoding=\"async\" src=\"http:\/\/gab-bellinzona.ch\/wp\/wp-content\/uploads\/2019\/02\/7007582b-9e25-4274-bc16-cd0d11d684e2-1-720x1024.jpg\" alt=\"\" data-id=\"6841\" data-link=\"http:\/\/gab-bellinzona.ch\/sabato-24-febbraio-campionati-svizzeri-giovanili-macolin\/7007582b-9e25-4274-bc16-cd0d11d684e2-2\/\" class=\"wp-image-6841\"\/><\/figure><\/li><li class=\"blocks-gallery-item\"><figure><img decoding=\"async\" src=\"http:\/\/gab-bellinzona.ch\/wp\/wp-content\/uploads\/2019\/02\/ac91ee76-b4b4-47ce-b176-42fea36f1ae2-712x1024.jpg\" alt=\"\" data-id=\"6842\" data-link=\"http:\/\/gab-bellinzona.ch\/sabato-24-febbraio-campionati-svizzeri-giovanili-macolin\/ac91ee76-b4b4-47ce-b176-42fea36f1ae2\/\" class=\"wp-image-6842\"\/><\/figure><\/li><li class=\"blocks-gallery-item\"><figure><img decoding=\"async\" src=\"http:\/\/gab-bellinzona.ch\/wp\/wp-content\/uploads\/2019\/02\/dd40dc89-dbf7-427d-a1cb-c4f85cd1232d-1024x634.jpg\" alt=\"\" data-id=\"6843\" data-link=\"http:\/\/gab-bellinzona.ch\/sabato-24-febbraio-campionati-svizzeri-giovanili-macolin\/dd40dc89-dbf7-427d-a1cb-c4f85cd1232d\/\" class=\"wp-image-6843\"\/><\/figure><\/li><\/ul>","protected":false},"excerpt":{"rendered":"<p>10 PB, 5 finali A, 2 finali B! Il Gab si presentava a Macolin con molte ambizioni. Con ben 15 atleti al via nelle tre categorie (U16\/U18\/U20) e con diversi [&hellip;]<\/p>\n","protected":false},"author":2,"featured_media":0,"comment_status":"closed","ping_status":"closed","sticky":false,"template":"","format":"standard","meta":{"footnotes":""},"categories":[],"tags":[],"class_list":["post-696","post","type-post","status-publish","format-standard"],"_links":{"self":[{"href":"https:\/\/gab-bellinzona.ch\/online\/wp-json\/wp\/v2\/posts\/696","targetHints":{"allow":["GET"]}}],"collection":[{"href":"https:\/\/gab-bellinzona.ch\/online\/wp-json\/wp\/v2\/posts"}],"about":[{"href":"https:\/\/gab-bellinzona.ch\/online\/wp-json\/wp\/v2\/types\/post"}],"author":[{"embeddable":true,"href":"https:\/\/gab-bellinzona.ch\/online\/wp-json\/wp\/v2\/users\/2"}],"replies":[{"embeddable":true,"href":"https:\/\/gab-bellinzona.ch\/online\/wp-json\/wp\/v2\/comments?post=696"}],"version-history":[{"count":0,"href":"https:\/\/gab-bellinzona.ch\/online\/wp-json\/wp\/v2\/posts\/696\/revisions"}],"wp:attachment":[{"href":"https:\/\/gab-bellinzona.ch\/online\/wp-json\/wp\/v2\/media?parent=696"}],"wp:term":[{"taxonomy":"category","embeddable":true,"href":"https:\/\/gab-bellinzona.ch\/online\/wp-json\/wp\/v2\/categories?post=696"},{"taxonomy":"post_tag","embeddable":true,"href":"https:\/\/gab-bellinzona.ch\/online\/wp-json\/wp\/v2\/tags?post=696"}],"curies":[{"name":"wp","href":"https:\/\/api.w.org\/{rel}","templated":true}]}}