{"id":691,"date":"2019-01-27T21:35:19","date_gmt":"2019-01-27T20:35:19","guid":{"rendered":"http:\/\/gab-bellinzona.ch\/?p=6771"},"modified":"2019-01-27T21:42:47","modified_gmt":"2019-01-27T20:42:47","slug":"hallenmeeting-biel-bienne-athletics-macolin-2","status":"publish","type":"post","link":"https:\/\/gab-bellinzona.ch\/online\/hallenmeeting-biel-bienne-athletics-macolin-2\/","title":{"rendered":"RISULTATI: Hallenmeeting Biel\/Bienne Athletics &#8211; Macolin -> FOTO"},"content":{"rendered":"<p>Prima uscita stagionale sulla pista indoor di <strong>Macolin\/Magglingen<\/strong>. Nella palestra Ende der Welt, dove \u00e8 piazzata la pista <strong>indoor<\/strong> di 200m, \u00e8 andato in scena il primo dei due weekend di gare nella localit\u00e0 Bernese. Al via con la maglia Gab ben 11 atleti. I giovani si son ben difesi a suon di personali, ma l&#8217;highlight di giornata \u00e8 arrivata dal pi\u00f9 &#8220;esperto&#8221; del gruppo. Andrea Cavalli in 59&#8243;71 \u00e8 il nuovo<strong> campione svizzero master<\/strong> M40. Complimenti Andrea, complimenti a tutti i ragazzi al via!  Un grazie agli allenatori sempre presenti e pronti alle trasferte oltralpe. <\/p><p><strong>Risultati:<\/strong><\/p><ul class=\"wp-block-list\"><li>Siria Cariboni 3&#8217;14&#8243;19<\/li><li>Alessio Guidon 200m 23&#8243;43<\/li><li>Julien R\u00fcfenacht 200m 23&#8243;57<\/li><li>Nicola Lo Russo 400m 51&#8243;52<\/li><li>Miguel Vitali 400m 54&#8243;19<\/li><li>Andrea Cavalli 400m 59&#8243;71 <strong>-&gt; Campione svizzero M40<\/strong> <\/li><li>Luca Innocenti 1000m 2&#8217;44&#8243;85<\/li><li>Mattia Verzaroli 1000m 2&#8217;46&#8243;08<\/li><li>Filippo Balestra 1000m 2&#8217;51&#8243;47<\/li><li>Siro Gentilini 1000m 2&#8217;58&#8243;51<\/li><li>Giulian Guidon 1000m 3&#8217;00&#8243;14<\/li><\/ul><p style=\"text-align:center\"><a href=\"https:\/\/www.biel-bienne-athletics.ch\/media\/filer\/2019\/01\/27\/rangliste_laufe_d.pdf\">&lt;&lt;Risultati ufficiali&gt;&gt;\ufeff<\/a><\/p><ul class=\"wp-block-gallery columns-2 is-cropped wp-block-gallery-1 is-layout-flex wp-block-gallery-is-layout-flex\"><li class=\"blocks-gallery-item\"><figure><img decoding=\"async\" src=\"http:\/\/gab-bellinzona.ch\/wp\/wp-content\/uploads\/2019\/01\/small_2e0618_20190127_Hallenmeeting-Biel-Bienne-Athletics_Magglingen_Lauf_0195ms.jpg\" alt=\"\" data-id=\"6775\" data-link=\"http:\/\/gab-bellinzona.ch\/hallenmeeting-biel-bienne-athletics-macolin-2\/small_2e0618_20190127_hallenmeeting-biel-bienne-athletics_magglingen_lauf_0195ms\/\" class=\"wp-image-6775\"\/><\/figure><\/li><li class=\"blocks-gallery-item\"><figure><img decoding=\"async\" src=\"http:\/\/gab-bellinzona.ch\/wp\/wp-content\/uploads\/2019\/01\/small_c764eb_20190127_Hallenmeeting-Biel-Bienne-Athletics_Magglingen_Lauf_0216ms.jpg\" alt=\"\" data-id=\"6776\" data-link=\"http:\/\/gab-bellinzona.ch\/hallenmeeting-biel-bienne-athletics-macolin-2\/small_c764eb_20190127_hallenmeeting-biel-bienne-athletics_magglingen_lauf_0216ms\/\" class=\"wp-image-6776\"\/><\/figure><\/li><li class=\"blocks-gallery-item\"><figure><img decoding=\"async\" src=\"http:\/\/gab-bellinzona.ch\/wp\/wp-content\/uploads\/2019\/01\/small_dd6869_20190127_Hallenmeeting-Biel-Bienne-Athletics_Magglingen_Lauf_0130ms.jpg\" alt=\"\" data-id=\"6777\" data-link=\"http:\/\/gab-bellinzona.ch\/hallenmeeting-biel-bienne-athletics-macolin-2\/small_dd6869_20190127_hallenmeeting-biel-bienne-athletics_magglingen_lauf_0130ms\/\" class=\"wp-image-6777\"\/><\/figure><\/li><li class=\"blocks-gallery-item\"><figure><img decoding=\"async\" src=\"http:\/\/gab-bellinzona.ch\/wp\/wp-content\/uploads\/2019\/01\/small_484c13_20190127_Hallenmeeting-Biel-Bienne-Athletics_Magglingen_Lauf_0198ms.jpg\" alt=\"\" data-id=\"6778\" data-link=\"http:\/\/gab-bellinzona.ch\/hallenmeeting-biel-bienne-athletics-macolin-2\/small_484c13_20190127_hallenmeeting-biel-bienne-athletics_magglingen_lauf_0198ms\/\" class=\"wp-image-6778\"\/><\/figure><\/li><li class=\"blocks-gallery-item\"><figure><img decoding=\"async\" src=\"http:\/\/gab-bellinzona.ch\/wp\/wp-content\/uploads\/2019\/01\/small_3a3901_20190127_Hallenmeeting-Biel-Bienne-Athletics_Magglingen_Lauf_0127ms.jpg\" alt=\"\" data-id=\"6779\" data-link=\"http:\/\/gab-bellinzona.ch\/hallenmeeting-biel-bienne-athletics-macolin-2\/small_3a3901_20190127_hallenmeeting-biel-bienne-athletics_magglingen_lauf_0127ms\/\" class=\"wp-image-6779\"\/><\/figure><\/li><li class=\"blocks-gallery-item\"><figure><img decoding=\"async\" src=\"http:\/\/gab-bellinzona.ch\/wp\/wp-content\/uploads\/2019\/01\/small_38a245_20190127_Hallenmeeting-Biel-Bienne-Athletics_Magglingen_Lauf_0156ms.jpg\" alt=\"\" data-id=\"6780\" data-link=\"http:\/\/gab-bellinzona.ch\/hallenmeeting-biel-bienne-athletics-macolin-2\/small_38a245_20190127_hallenmeeting-biel-bienne-athletics_magglingen_lauf_0156ms\/\" class=\"wp-image-6780\"\/><\/figure><\/li><li class=\"blocks-gallery-item\"><figure><img decoding=\"async\" src=\"http:\/\/gab-bellinzona.ch\/wp\/wp-content\/uploads\/2019\/01\/small_1a552f_20190127_Hallenmeeting-Biel-Bienne-Athletics_Magglingen_Lauf_0210ms.jpg\" alt=\"\" data-id=\"6781\" data-link=\"http:\/\/gab-bellinzona.ch\/hallenmeeting-biel-bienne-athletics-macolin-2\/small_1a552f_20190127_hallenmeeting-biel-bienne-athletics_magglingen_lauf_0210ms\/\" class=\"wp-image-6781\"\/><\/figure><\/li><li class=\"blocks-gallery-item\"><figure><img decoding=\"async\" src=\"http:\/\/gab-bellinzona.ch\/wp\/wp-content\/uploads\/2019\/01\/small_f21a31_20190127_Hallenmeeting-Biel-Bienne-Athletics_Magglingen_Lauf_0132ms.jpg\" alt=\"\" data-id=\"6782\" data-link=\"http:\/\/gab-bellinzona.ch\/hallenmeeting-biel-bienne-athletics-macolin-2\/small_f21a31_20190127_hallenmeeting-biel-bienne-athletics_magglingen_lauf_0132ms\/\" class=\"wp-image-6782\"\/><\/figure><\/li><li class=\"blocks-gallery-item\"><figure><img decoding=\"async\" src=\"http:\/\/gab-bellinzona.ch\/wp\/wp-content\/uploads\/2019\/01\/small_9f567b_20190127_Hallenmeeting-Biel-Bienne-Athletics_Magglingen_Lauf_0177ms.jpg\" alt=\"\" data-id=\"6784\" data-link=\"http:\/\/gab-bellinzona.ch\/hallenmeeting-biel-bienne-athletics-macolin-2\/small_9f567b_20190127_hallenmeeting-biel-bienne-athletics_magglingen_lauf_0177ms\/\" class=\"wp-image-6784\"\/><\/figure><\/li><\/ul><p>Le foto sono state scattate da Athletix.ch e sono disponibili sul sito -&gt; <a href=\"https:\/\/athletix.ch\">Athletix.ch<\/a><\/p>","protected":false},"excerpt":{"rendered":"<p>Prima uscita stagionale sulla pista indoor di Macolin\/Magglingen. Nella palestra Ende der Welt, dove \u00e8 piazzata la pista indoor di 200m, \u00e8 andato in scena il primo dei due weekend [&hellip;]<\/p>\n","protected":false},"author":2,"featured_media":0,"comment_status":"closed","ping_status":"closed","sticky":false,"template":"","format":"standard","meta":{"footnotes":""},"categories":[],"tags":[],"class_list":["post-691","post","type-post","status-publish","format-standard"],"_links":{"self":[{"href":"https:\/\/gab-bellinzona.ch\/online\/wp-json\/wp\/v2\/posts\/691","targetHints":{"allow":["GET"]}}],"collection":[{"href":"https:\/\/gab-bellinzona.ch\/online\/wp-json\/wp\/v2\/posts"}],"about":[{"href":"https:\/\/gab-bellinzona.ch\/online\/wp-json\/wp\/v2\/types\/post"}],"author":[{"embeddable":true,"href":"https:\/\/gab-bellinzona.ch\/online\/wp-json\/wp\/v2\/users\/2"}],"replies":[{"embeddable":true,"href":"https:\/\/gab-bellinzona.ch\/online\/wp-json\/wp\/v2\/comments?post=691"}],"version-history":[{"count":0,"href":"https:\/\/gab-bellinzona.ch\/online\/wp-json\/wp\/v2\/posts\/691\/revisions"}],"wp:attachment":[{"href":"https:\/\/gab-bellinzona.ch\/online\/wp-json\/wp\/v2\/media?parent=691"}],"wp:term":[{"taxonomy":"category","embeddable":true,"href":"https:\/\/gab-bellinzona.ch\/online\/wp-json\/wp\/v2\/categories?post=691"},{"taxonomy":"post_tag","embeddable":true,"href":"https:\/\/gab-bellinzona.ch\/online\/wp-json\/wp\/v2\/tags?post=691"}],"curies":[{"name":"wp","href":"https:\/\/api.w.org\/{rel}","templated":true}]}}