{"id":686,"date":"2018-12-20T14:22:25","date_gmt":"2018-12-20T13:22:25","guid":{"rendered":"http:\/\/gab-bellinzona.ch\/?p=6727"},"modified":"2018-12-20T14:23:43","modified_gmt":"2018-12-20T13:23:43","slug":"buon-feste","status":"publish","type":"post","link":"https:\/\/gab-bellinzona.ch\/online\/buon-feste\/","title":{"rendered":"Buon Feste!"},"content":{"rendered":"<p><strong>Buone feste!<\/strong><\/p>\n<p>Il 2018 giunge ormai al termine. Un anno fantastico pieno di soddisfazioni per la nostra societ\u00e0. Gi\u00e0 in inverno abbiamo festeggiato diverse medaglie ai Campionati svizzeri indoor. Durante la primavera abbiamo poi gioito per Mara e Julien. Entrambi sono riusciti a correre sotto il limite per i Campionati europei di categoria. \u00c8 poi stato il turno di Mattia, che \u00e8 si \u00e8 riconfermato vice-campione svizzero sulla pista di Zofingen. In settembre il Gab ha poi dato prova di forza ai Campionati svizzeri giovanili conquistando 5 medaglie, di cui tre d&#8217;oro! Tanti momenti di gioia dovuti agli sforzi dei nostri atleti ma anche dei nostri validissimi allenatori. In particolare a quelli di Fiorenzo. Un pensiero in questi giorni di festa, va sicuramente anche a lui. A lui che ci ha regalato tanta passione e che quest&#8217;anno ci ha ricordato che il Gab \u00e8 pi\u00f9 di una societ\u00e0, \u00e8 una famiglia!!!<\/p>\n<p>In attesa di un 2019, tutto da festeggiare, il\u00a0comitato Gab, gli allenatori e tutti gli atleti vi augurano un buon Natale e un buon inizio di 2019!!! Ci vediamo in pista, forza GAB!<\/p>\n","protected":false},"excerpt":{"rendered":"<p>Buone feste! Il 2018 giunge ormai al termine. Un anno fantastico pieno di soddisfazioni per la nostra societ\u00e0. Gi\u00e0 in inverno abbiamo festeggiato diverse medaglie ai Campionati svizzeri indoor. Durante [&hellip;]<\/p>\n","protected":false},"author":2,"featured_media":0,"comment_status":"closed","ping_status":"closed","sticky":false,"template":"","format":"standard","meta":{"footnotes":""},"categories":[],"tags":[],"class_list":["post-686","post","type-post","status-publish","format-standard"],"_links":{"self":[{"href":"https:\/\/gab-bellinzona.ch\/online\/wp-json\/wp\/v2\/posts\/686","targetHints":{"allow":["GET"]}}],"collection":[{"href":"https:\/\/gab-bellinzona.ch\/online\/wp-json\/wp\/v2\/posts"}],"about":[{"href":"https:\/\/gab-bellinzona.ch\/online\/wp-json\/wp\/v2\/types\/post"}],"author":[{"embeddable":true,"href":"https:\/\/gab-bellinzona.ch\/online\/wp-json\/wp\/v2\/users\/2"}],"replies":[{"embeddable":true,"href":"https:\/\/gab-bellinzona.ch\/online\/wp-json\/wp\/v2\/comments?post=686"}],"version-history":[{"count":0,"href":"https:\/\/gab-bellinzona.ch\/online\/wp-json\/wp\/v2\/posts\/686\/revisions"}],"wp:attachment":[{"href":"https:\/\/gab-bellinzona.ch\/online\/wp-json\/wp\/v2\/media?parent=686"}],"wp:term":[{"taxonomy":"category","embeddable":true,"href":"https:\/\/gab-bellinzona.ch\/online\/wp-json\/wp\/v2\/categories?post=686"},{"taxonomy":"post_tag","embeddable":true,"href":"https:\/\/gab-bellinzona.ch\/online\/wp-json\/wp\/v2\/tags?post=686"}],"curies":[{"name":"wp","href":"https:\/\/api.w.org\/{rel}","templated":true}]}}