{"id":685,"date":"2018-12-16T15:06:56","date_gmt":"2018-12-16T14:06:56","guid":{"rendered":"http:\/\/gab-bellinzona.ch\/?p=6719"},"modified":"2018-12-16T15:09:58","modified_gmt":"2018-12-16T14:09:58","slug":"cross-di-mendrisio","status":"publish","type":"post","link":"https:\/\/gab-bellinzona.ch\/online\/cross-di-mendrisio\/","title":{"rendered":"Cross di Mendrisio"},"content":{"rendered":"<p>Si \u00e8 corsa oggi nel parco Casvegno di Mendrisio la quarta della Coppa Ticino di cross. Gli atleti delle varie categorie si sono sfidati su varie lunghezze sul un giro standard, relativamente piatto ma con dei passaggi tecnici. Come sempre sono andate in scena delle belle sfide.<\/p>\n<p>Il primo podio \u00e8 arrivato prestissimo in mattinata, con Giovanna che ha colto un terzo posto nella categoria &#8220;cucciole&#8221;. Si \u00e8 poi dovuto aspettare fino alle ragazze U18 per vedere il secondo podio, dove Siria si \u00e8 aggiudicata il terzo posto. Sempre tra gli U18 ma in campo maschile, secondo e terzo posto per Luca e Filippo, seguiti ai piedi del podio da Filimon e Siro. Tra le W40 secondo posto per Jeanette. Nel cross corto, trenino Gab con Mirko, Nicola, Elia, Mattia F. e Jonathan a occupare le posizioni dal 5\u00b0 al 9\u00b0 rango. Sui 4km del cross lungo, terzo posto per Mattia V. (U20M) e per Giuseppe Gioia tra gli M40. Stessa posizione anche per Davide nella categoria M50.<\/p>\n<p><strong>Podi di giornata:<\/strong><\/p>\n<ul>\n<li>Giovanna Turrini U8W 3\u00b0 posto<\/li>\n<li>Siria Cariboni U18W 3\u00b0 posto<\/li>\n<li>Luca Innocenti U18M 2\u00b0 posto<\/li>\n<li>Filippo Balestra U18M 3\u00b0 posto<\/li>\n<li>Jeanette Bragagnolo W40 2\u00b0 posto<\/li>\n<li>Mattia Verzaroli U20 3\u00b0 posto<\/li>\n<li>Giuseppe Gioia M40 3\u00b0 posto<\/li>\n<li>Davide Gambonini M50 3\u00b0 posto<\/li>\n<\/ul>\n<p style=\"text-align: center;\"><a href=\"https:\/\/www.endu.net\/it\/events\/cross-mendrisio-ctc\/results\">&lt;&lt;RISULTATI COMPLETI&gt;&gt;<\/a><\/p>\n<p>Prossimo appuntamento CTC: Cross di Gordola &#8211; Sabato 12 gennaio 2019<\/p>\n<p>-&gt; Sul nostro sito trovi anche le foto delle gare 2018. I quasi 2000 scatti dei nostri atleti li trovi <a href=\"http:\/\/www.gab-bellinzona.ch\/archivio_foto\/index.php\">QUI<\/a>. \u00a0Da poco nel nostro archivio anche le foto dei Campionati ticinesi giovanili.<\/p>\n<p><a href=\"http:\/\/gab-bellinzona.ch\/wp\/wp-content\/uploads\/2018\/12\/IMG_0664.jpg\"><img loading=\"lazy\" decoding=\"async\" class=\"alignnone size-medium wp-image-6723\" src=\"http:\/\/gab-bellinzona.ch\/wp\/wp-content\/uploads\/2018\/12\/IMG_0664-300x225.jpg\" alt=\"\" width=\"300\" height=\"225\" \/><\/a> <a href=\"http:\/\/gab-bellinzona.ch\/wp\/wp-content\/uploads\/2018\/12\/IMG_0656.jpg\"><img loading=\"lazy\" decoding=\"async\" class=\"alignnone size-medium wp-image-6720\" src=\"http:\/\/gab-bellinzona.ch\/wp\/wp-content\/uploads\/2018\/12\/IMG_0656-225x300.jpg\" alt=\"\" width=\"225\" height=\"300\" \/><\/a> <a href=\"http:\/\/gab-bellinzona.ch\/wp\/wp-content\/uploads\/2018\/12\/IMG_0659.jpg\"><img loading=\"lazy\" decoding=\"async\" class=\"alignnone size-medium wp-image-6721\" src=\"http:\/\/gab-bellinzona.ch\/wp\/wp-content\/uploads\/2018\/12\/IMG_0659-225x300.jpg\" alt=\"\" width=\"225\" height=\"300\" \/><\/a><\/p>\n","protected":false},"excerpt":{"rendered":"<p>Si \u00e8 corsa oggi nel parco Casvegno di Mendrisio la quarta della Coppa Ticino di cross. Gli atleti delle varie categorie si sono sfidati su varie lunghezze sul un giro [&hellip;]<\/p>\n","protected":false},"author":2,"featured_media":0,"comment_status":"closed","ping_status":"closed","sticky":false,"template":"","format":"standard","meta":{"footnotes":""},"categories":[],"tags":[],"class_list":["post-685","post","type-post","status-publish","format-standard"],"_links":{"self":[{"href":"https:\/\/gab-bellinzona.ch\/online\/wp-json\/wp\/v2\/posts\/685","targetHints":{"allow":["GET"]}}],"collection":[{"href":"https:\/\/gab-bellinzona.ch\/online\/wp-json\/wp\/v2\/posts"}],"about":[{"href":"https:\/\/gab-bellinzona.ch\/online\/wp-json\/wp\/v2\/types\/post"}],"author":[{"embeddable":true,"href":"https:\/\/gab-bellinzona.ch\/online\/wp-json\/wp\/v2\/users\/2"}],"replies":[{"embeddable":true,"href":"https:\/\/gab-bellinzona.ch\/online\/wp-json\/wp\/v2\/comments?post=685"}],"version-history":[{"count":0,"href":"https:\/\/gab-bellinzona.ch\/online\/wp-json\/wp\/v2\/posts\/685\/revisions"}],"wp:attachment":[{"href":"https:\/\/gab-bellinzona.ch\/online\/wp-json\/wp\/v2\/media?parent=685"}],"wp:term":[{"taxonomy":"category","embeddable":true,"href":"https:\/\/gab-bellinzona.ch\/online\/wp-json\/wp\/v2\/categories?post=685"},{"taxonomy":"post_tag","embeddable":true,"href":"https:\/\/gab-bellinzona.ch\/online\/wp-json\/wp\/v2\/tags?post=685"}],"curies":[{"name":"wp","href":"https:\/\/api.w.org\/{rel}","templated":true}]}}