{"id":679,"date":"2018-10-16T08:18:52","date_gmt":"2018-10-16T06:18:52","guid":{"rendered":"http:\/\/gab-bellinzona.ch\/?p=6663"},"modified":"2018-10-16T08:19:51","modified_gmt":"2018-10-16T06:19:51","slug":"inizio-allenamenti-gruppo-elite","status":"publish","type":"post","link":"https:\/\/gab-bellinzona.ch\/online\/inizio-allenamenti-gruppo-elite\/","title":{"rendered":"Inizio allenamenti gruppo \u00c9lite"},"content":{"rendered":"<p><strong>Si ricomincia!<\/strong><\/p>\n<p>Appena due settimane per riposarsi un po&#8217; e gi\u00e0 ci si ritrova in pista. Anche quest&#8217;anno \u00e8 gi\u00e0 finito l&#8217;annuale periodo di pausa dagli allenamenti. Tutti sorridenti i nostri atleti si sono presentati allo stadio Comunale pronti ad affrontare la dura preparazione invernale. 2019 arriviamo! Forza Gab<\/p>\n<p><a href=\"http:\/\/gab-bellinzona.ch\/wp\/wp-content\/uploads\/2018\/10\/PHOTO-2018-10-15-22-44-14-2.jpg\"><img loading=\"lazy\" decoding=\"async\" class=\"alignnone size-medium wp-image-6664\" src=\"http:\/\/gab-bellinzona.ch\/wp\/wp-content\/uploads\/2018\/10\/PHOTO-2018-10-15-22-44-14-2-300x225.jpg\" alt=\"\" width=\"300\" height=\"225\" \/><\/a> <a href=\"http:\/\/gab-bellinzona.ch\/wp\/wp-content\/uploads\/2018\/10\/PHOTO-2018-10-15-22-44-14.jpg\"><img loading=\"lazy\" decoding=\"async\" class=\"alignnone size-medium wp-image-6665\" src=\"http:\/\/gab-bellinzona.ch\/wp\/wp-content\/uploads\/2018\/10\/PHOTO-2018-10-15-22-44-14-300x225.jpg\" alt=\"\" width=\"300\" height=\"225\" \/><\/a> <a href=\"http:\/\/gab-bellinzona.ch\/wp\/wp-content\/uploads\/2018\/10\/PHOTO-2018-10-15-22-44-15-1.jpg\"><img loading=\"lazy\" decoding=\"async\" class=\"alignnone size-medium wp-image-6666\" src=\"http:\/\/gab-bellinzona.ch\/wp\/wp-content\/uploads\/2018\/10\/PHOTO-2018-10-15-22-44-15-1-300x225.jpg\" alt=\"\" width=\"300\" height=\"225\" \/><\/a> <a href=\"http:\/\/gab-bellinzona.ch\/wp\/wp-content\/uploads\/2018\/10\/PHOTO-2018-10-15-22-44-15.jpg\"><img loading=\"lazy\" decoding=\"async\" class=\"alignnone size-medium wp-image-6667\" src=\"http:\/\/gab-bellinzona.ch\/wp\/wp-content\/uploads\/2018\/10\/PHOTO-2018-10-15-22-44-15-300x225.jpg\" alt=\"\" width=\"300\" height=\"225\" \/><\/a> <a href=\"http:\/\/gab-bellinzona.ch\/wp\/wp-content\/uploads\/2018\/10\/PHOTO-2018-10-15-22-44-16.jpg\"><img loading=\"lazy\" decoding=\"async\" class=\"alignnone size-medium wp-image-6668\" src=\"http:\/\/gab-bellinzona.ch\/wp\/wp-content\/uploads\/2018\/10\/PHOTO-2018-10-15-22-44-16-300x225.jpg\" alt=\"\" width=\"300\" height=\"225\" \/><\/a><\/p>\n<p>Ti sei perso le <a href=\"http:\/\/gab-bellinzona.ch\/archivio_foto\/\">FOTO<\/a> della stagione 2018 ?! Le puoi trovare nel nostro archivio -&gt; <a href=\"http:\/\/gab-bellinzona.ch\/archivio_foto\/\">clicca qui!<\/a><\/p>\n","protected":false},"excerpt":{"rendered":"<p>Si ricomincia! Appena due settimane per riposarsi un po&#8217; e gi\u00e0 ci si ritrova in pista. Anche quest&#8217;anno \u00e8 gi\u00e0 finito l&#8217;annuale periodo di pausa dagli allenamenti. Tutti sorridenti i [&hellip;]<\/p>\n","protected":false},"author":2,"featured_media":0,"comment_status":"closed","ping_status":"closed","sticky":false,"template":"","format":"standard","meta":{"footnotes":""},"categories":[],"tags":[],"class_list":["post-679","post","type-post","status-publish","format-standard"],"_links":{"self":[{"href":"https:\/\/gab-bellinzona.ch\/online\/wp-json\/wp\/v2\/posts\/679","targetHints":{"allow":["GET"]}}],"collection":[{"href":"https:\/\/gab-bellinzona.ch\/online\/wp-json\/wp\/v2\/posts"}],"about":[{"href":"https:\/\/gab-bellinzona.ch\/online\/wp-json\/wp\/v2\/types\/post"}],"author":[{"embeddable":true,"href":"https:\/\/gab-bellinzona.ch\/online\/wp-json\/wp\/v2\/users\/2"}],"replies":[{"embeddable":true,"href":"https:\/\/gab-bellinzona.ch\/online\/wp-json\/wp\/v2\/comments?post=679"}],"version-history":[{"count":0,"href":"https:\/\/gab-bellinzona.ch\/online\/wp-json\/wp\/v2\/posts\/679\/revisions"}],"wp:attachment":[{"href":"https:\/\/gab-bellinzona.ch\/online\/wp-json\/wp\/v2\/media?parent=679"}],"wp:term":[{"taxonomy":"category","embeddable":true,"href":"https:\/\/gab-bellinzona.ch\/online\/wp-json\/wp\/v2\/categories?post=679"},{"taxonomy":"post_tag","embeddable":true,"href":"https:\/\/gab-bellinzona.ch\/online\/wp-json\/wp\/v2\/tags?post=679"}],"curies":[{"name":"wp","href":"https:\/\/api.w.org\/{rel}","templated":true}]}}