{"id":662,"date":"2018-07-24T21:13:45","date_gmt":"2018-07-24T19:13:45","guid":{"rendered":"http:\/\/gab-bellinzona.ch\/?p=6368"},"modified":"2018-07-29T10:28:16","modified_gmt":"2018-07-29T08:28:16","slug":"celerina-2018-storie-dallengadina-1","status":"publish","type":"post","link":"https:\/\/gab-bellinzona.ch\/online\/celerina-2018-storie-dallengadina-1\/","title":{"rendered":"Celerina 2018 &#8211; Storie dall&#8217;Engadina #5 -> FOTO"},"content":{"rendered":"<p><strong>Campo d&#8217;allenamento a Sankt Moritz<\/strong><\/p>\n<p>Come da tradizione il Gruppo Atletico Bellinzona in luglio si sposta a Celerina, nella stupenda cornice engadinese, per il campo d&#8217;allenamento estivo in altura.<\/p>\n<p>Per dare voce alle nostre giovani speranze, vi proponiamo alcune racconti scritti proprio da loro. Buona lettura!<\/p>\n<p style=\"text-align: center;\"><a href=\"http:\/\/gab-bellinzona.ch\/archivio_foto\/thumbnails.php?album=282\">&lt;&lt;FOTO&gt;&gt;<\/a><\/p>\n<p><strong>#5<\/strong><\/p>\n<p>Campo finito tra i sorrisi e la soddisfazione di chi ha passato una bella settimana in compagnia. Un grande grazie a chi rende tutto questo possibile: in primis Giorgio, il capocorso, Daria, Doris e Giovanna, le nostre super cuoche, e tutti gli allenatori GAB!<\/p>\n<p>Grazie senza di voi tutto questo non ci sarebbe!!! Forza Gab!<\/p>\n<p><strong>#4<\/strong><\/p>\n<p>Questa mattina, quando ci siamo alzati, nel cielo c\u2019era un po\u2019 di nebbia, ma per fortuna dopo la giornata si \u00e8 rivelata bellissima. Ad allenamento non abbiamo fatto molto, soprattutto tecnica, per tenere energie per il test di domani. Dopo allenamento abbiamo fatto l\u2019ultimo bagno nel fantastico lago di St. Morizt.<br \/>\nDopo un ottimo pranzo siamo partiti direzione Livigno, dopo aver fatto un po\u2019 di shopping e gustato le prelibatezze di Livigno siamo tornati alla Margna e siamo stati sorpresi dalle cuoche, che non ci hanno mai deluso, con uno squisito banchetto.<br \/>\nE ora ci godiamo l\u2019eclissi lunare in buona compagnia.<\/p>\n<p>Siro e Filippo<\/p>\n<p><strong>#3<\/strong><\/p>\n<p>Gioved\u00ec 26 luglio dopo l&#8217;allenamento mattutino i nostri gabbini si sono trasferiti direttamente al Lej Marsch, dove le nostre mitiche cuoche erano gi\u00e0 all&#8217;opera per preparare la tradizionale grigliata all&#8217;aperto. Dopo un bagno rigenerante nel lago, tutti hanno potuto gustare un ottimo pranzo e godersi il sole di St Moritz giocando a carte o riposandosi in vista dell&#8217;allenamento pomeridiano.<br \/>\nPrima di partire di nuovo carichi per lo stadio non poteva mancare la foto di gruppo.<br \/>\nUn grande grazie alle cuoche che come sempre hanno preparato un pranzo impeccabile!<\/p>\n<p><a href=\"http:\/\/gab-bellinzona.ch\/wp\/wp-content\/uploads\/2018\/07\/IMG_1895.jpg\"><img loading=\"lazy\" decoding=\"async\" class=\"alignnone size-medium wp-image-6399\" src=\"http:\/\/gab-bellinzona.ch\/wp\/wp-content\/uploads\/2018\/07\/IMG_1895-300x225.jpg\" alt=\"\" width=\"300\" height=\"225\" \/><\/a>\u00a0<a href=\"http:\/\/gab-bellinzona.ch\/wp\/wp-content\/uploads\/2018\/07\/IMG_1899.jpg\"><img loading=\"lazy\" decoding=\"async\" class=\"alignnone size-medium wp-image-6398\" src=\"http:\/\/gab-bellinzona.ch\/wp\/wp-content\/uploads\/2018\/07\/IMG_1899-300x225.jpg\" alt=\"\" width=\"300\" height=\"225\" \/><\/a><\/p>\n<p>&nbsp;<\/p>\n<p><strong>#2<\/strong><\/p>\n<p>Sabato 21 luglio, i nostri atleti sono partiti per Sankt Moritz, dove si tiene il secondo campo d&#8217;allenamento della stagione. Alle 8.15, puntuali, 5 furgoni si sono diretti verso l&#8217;Engadina. Sfortunatamente, per\u00f2, durante il tragitto un furgone ha avuto un piccolo problema. Infatti, la gomma \u00e8 stata danneggiata e velocemente ci si \u00e8 accorti che non si poteva pi\u00f9 proseguire. Gli sfortunati viaggiatori hanno dovuto, non senza qualche imprecazione, interrompere il loro viaggio.<br \/>\nGli atleti sono rimasti fermi \u00a0per pi\u00f9 di un&#8217;ora e dopo aver tolto tutte le valigie dal furgone sono riusciti a sostituire la gomma difettata.<br \/>\nEssendo molto in ritardo sono arrivati a Celerina quando gli altri erano gi\u00e0 praticamente a tavola.<br \/>\nQuesta disavventura \u00e8 stata molto discussa all&#8217;interno del Gab, perch\u00e9 lo sfortunato furgone era guidato dal Chico e tutti hanno intonato la famosa canzone: &#8220;la macchina del capo ha un buco nella gomma&#8230;&#8221;<\/p>\n<p>Federica<\/p>\n<p><strong>#1<\/strong><\/p>\n<p>Nella routine giornaliera il tempo passa frenetico. Comunichiamo davanti a degli schermi e ci perdiamo dei momenti importanti della nostra vita. Nella nostra Celerina si entra invece in una bolla, si parla e si ride in compagnia, senza l&#8217;aiuto di nessun dispositivo. Ci si prende il tempo di apprezzare un caff\u00e8 tra amici. Di fare qualche battuta, a volte anche di troppo, per addolcire le fatiche vissute in pista. Si ascoltano i racconti epici\u00a0narrati dai nostri mitici allenatori, sperando di raccontarne altrettanto &#8220;fighi&#8221; fra 30 anni ai futuri gabbini. Nonostante gli obbiettivi diversi, in pista e nella vita, qui alLa Margna siamo tutti uguali. NOI SIAMO IL GAB! Forza Gab!!!<a href=\"http:\/\/gab-bellinzona.ch\/wp\/wp-content\/uploads\/2018\/07\/IMG_9929.jpg\"><img loading=\"lazy\" decoding=\"async\" class=\"size-medium wp-image-6373 aligncenter\" src=\"http:\/\/gab-bellinzona.ch\/wp\/wp-content\/uploads\/2018\/07\/IMG_9929-200x300.jpg\" alt=\"\" width=\"200\" height=\"300\" \/><\/a><\/p>\n","protected":false},"excerpt":{"rendered":"<p>Campo d&#8217;allenamento a Sankt Moritz Come da tradizione il Gruppo Atletico Bellinzona in luglio si sposta a Celerina, nella stupenda cornice engadinese, per il campo d&#8217;allenamento estivo in altura. Per [&hellip;]<\/p>\n","protected":false},"author":2,"featured_media":0,"comment_status":"closed","ping_status":"closed","sticky":false,"template":"","format":"standard","meta":{"footnotes":""},"categories":[],"tags":[],"class_list":["post-662","post","type-post","status-publish","format-standard"],"_links":{"self":[{"href":"https:\/\/gab-bellinzona.ch\/online\/wp-json\/wp\/v2\/posts\/662","targetHints":{"allow":["GET"]}}],"collection":[{"href":"https:\/\/gab-bellinzona.ch\/online\/wp-json\/wp\/v2\/posts"}],"about":[{"href":"https:\/\/gab-bellinzona.ch\/online\/wp-json\/wp\/v2\/types\/post"}],"author":[{"embeddable":true,"href":"https:\/\/gab-bellinzona.ch\/online\/wp-json\/wp\/v2\/users\/2"}],"replies":[{"embeddable":true,"href":"https:\/\/gab-bellinzona.ch\/online\/wp-json\/wp\/v2\/comments?post=662"}],"version-history":[{"count":0,"href":"https:\/\/gab-bellinzona.ch\/online\/wp-json\/wp\/v2\/posts\/662\/revisions"}],"wp:attachment":[{"href":"https:\/\/gab-bellinzona.ch\/online\/wp-json\/wp\/v2\/media?parent=662"}],"wp:term":[{"taxonomy":"category","embeddable":true,"href":"https:\/\/gab-bellinzona.ch\/online\/wp-json\/wp\/v2\/categories?post=662"},{"taxonomy":"post_tag","embeddable":true,"href":"https:\/\/gab-bellinzona.ch\/online\/wp-json\/wp\/v2\/tags?post=662"}],"curies":[{"name":"wp","href":"https:\/\/api.w.org\/{rel}","templated":true}]}}