{"id":661,"date":"2018-07-18T11:33:47","date_gmt":"2018-07-18T09:33:47","guid":{"rendered":"http:\/\/gab-bellinzona.ch\/?p=6364"},"modified":"2018-07-18T11:34:19","modified_gmt":"2018-07-18T09:34:19","slug":"gala-dei-castelli-tajana-al-via-sui-400mh","status":"publish","type":"post","link":"https:\/\/gab-bellinzona.ch\/online\/gala-dei-castelli-tajana-al-via-sui-400mh\/","title":{"rendered":"Gal\u00e0 dei Castelli &#8211; Tajana al via sui 400mh"},"content":{"rendered":"<p>Grande opportunit\u00e0 per Mattia Tajana che sar\u00e0 al via nella serie internazionale del Gal\u00e0 dei Castelli.<\/p>\n<p>Appuntamento alle 21:20 allo stadio Comunale.<\/p>\n<p style=\"text-align: center;\"><a href=\"https:\/\/www.galadeicastelli.ch\">Sito Gal\u00e0 dei Castelli<\/a><\/p>\n","protected":false},"excerpt":{"rendered":"<p>Grande opportunit\u00e0 per Mattia Tajana che sar\u00e0 al via nella serie internazionale del Gal\u00e0 dei Castelli. Appuntamento alle 21:20 allo stadio Comunale. Sito Gal\u00e0 dei Castelli<\/p>\n","protected":false},"author":2,"featured_media":0,"comment_status":"closed","ping_status":"closed","sticky":false,"template":"","format":"standard","meta":{"footnotes":""},"categories":[],"tags":[],"class_list":["post-661","post","type-post","status-publish","format-standard"],"_links":{"self":[{"href":"https:\/\/gab-bellinzona.ch\/online\/wp-json\/wp\/v2\/posts\/661","targetHints":{"allow":["GET"]}}],"collection":[{"href":"https:\/\/gab-bellinzona.ch\/online\/wp-json\/wp\/v2\/posts"}],"about":[{"href":"https:\/\/gab-bellinzona.ch\/online\/wp-json\/wp\/v2\/types\/post"}],"author":[{"embeddable":true,"href":"https:\/\/gab-bellinzona.ch\/online\/wp-json\/wp\/v2\/users\/2"}],"replies":[{"embeddable":true,"href":"https:\/\/gab-bellinzona.ch\/online\/wp-json\/wp\/v2\/comments?post=661"}],"version-history":[{"count":0,"href":"https:\/\/gab-bellinzona.ch\/online\/wp-json\/wp\/v2\/posts\/661\/revisions"}],"wp:attachment":[{"href":"https:\/\/gab-bellinzona.ch\/online\/wp-json\/wp\/v2\/media?parent=661"}],"wp:term":[{"taxonomy":"category","embeddable":true,"href":"https:\/\/gab-bellinzona.ch\/online\/wp-json\/wp\/v2\/categories?post=661"},{"taxonomy":"post_tag","embeddable":true,"href":"https:\/\/gab-bellinzona.ch\/online\/wp-json\/wp\/v2\/tags?post=661"}],"curies":[{"name":"wp","href":"https:\/\/api.w.org\/{rel}","templated":true}]}}