{"id":660,"date":"2018-07-11T14:34:27","date_gmt":"2018-07-11T12:34:27","guid":{"rendered":"http:\/\/gab-bellinzona.ch\/?p=6344"},"modified":"2018-07-15T09:37:51","modified_gmt":"2018-07-15T07:37:51","slug":"venerdi-13-sabato-14-campionati-svizzeri-assoluti-zofingen","status":"publish","type":"post","link":"https:\/\/gab-bellinzona.ch\/online\/venerdi-13-sabato-14-campionati-svizzeri-assoluti-zofingen\/","title":{"rendered":"Campionati svizzeri assoluti &#8211; Zofingen &#8211;> Mattia Tajana vice-campione svizzero!"},"content":{"rendered":"<p><a href=\"http:\/\/gab-bellinzona.ch\/wp\/wp-content\/uploads\/2018\/07\/IMG_9878-2.jpg\"><img loading=\"lazy\" decoding=\"async\" class=\"wp-image-6361 size-medium aligncenter\" src=\"http:\/\/gab-bellinzona.ch\/wp\/wp-content\/uploads\/2018\/07\/IMG_9878-2-e1531640178483-225x300.jpg\" alt=\"\" width=\"225\" height=\"300\" \/><\/a><\/p>\n<p><strong>Sabato<\/strong><\/p>\n<p>Mattia Tajana si riconferma vice-campione svizzero sui 400m ad ostacoli. Medaglia d&#8217;argento arrivata dopo una gara corsa alla pari del suo rivali di sempre. Julian R\u00fcfenacht dal canto suo ha corso un ottimo 200m in 22&#8243;43.<\/p>\n<p><strong>Risultati<\/strong><\/p>\n<ul>\n<li>Mattia Tajana 400mh finale 51&#8243;53 -&gt;<strong> 2\u00b0 posto<\/strong><\/li>\n<li>Julian R\u00fcfenacht 200m 22&#8243;43<\/li>\n<\/ul>\n<p style=\"text-align: center;\"><a href=\"https:\/\/www.swiss-athletics.ch\/wp-content\/uploads\/Rangliste_SM_Aktive_Zofingen_2018.pdf\">&lt;&lt;RISULTATI&gt;&gt;<\/a><\/p>\n<p><strong>Venerd\u00ec<\/strong><\/p>\n<p>Prima giornata di gare ai Campionati svizzeri di Zofingen. Julian R\u00fcfenacht ha esordito sui 100m in 11&#8243;31, Julian sar\u00e0 ancora in gara sabato sui 200m. Mara Moser, un po&#8217; affaticata dall&#8217;avventura europea, ha chiuso un 800m tattico con una buona prestazione mancando per\u00f2 la finale. Ottima prestazione per Dave Derigo sui 5000m un 15&#8217;58&#8221;. Mattia Tajana si \u00e8 qualificato alla finale in scioltezza.<\/p>\n<p><strong>RISULTATI<\/strong><\/p>\n<ul>\n<li>Julian R\u00fcfenacht 100m 11&#8243;31<\/li>\n<li>Mara Moser 800m 2&#8217;19&#8243;60<\/li>\n<li>Mattia Tajana 400mh 53&#8243;29 qualificato alla finale<\/li>\n<li>Dave Derigo 5000m finale 15&#8217;58&#8243;67<\/li>\n<\/ul>\n<p><strong>Programma atleti Gab &#8211; venerd\u00ec:<\/strong><\/p>\n<ul>\n<li>Julian R\u00fcfenacht 200m qualifiche 13:25<\/li>\n<li>Mattia Tajana 400mh finale 16:40<\/li>\n<\/ul>\n<p><strong>\u00c8 arrivato uno dei momenti pi\u00f9 attesi della stagione. <\/strong><\/p>\n<p>I Campionati svizzeri assoluti vanno in scena a Zofingen questo fine settimana. Appuntamento allo stadio\u00a0Trinermatten venerd\u00ec 13 e sabato 14 luglio. Per il Gab saranno al via cinque atleti. In campo femminile dar\u00e0 battaglia Mara Moser che, dopo l&#8217;esperienza agli Europei U18 di Gy\u00f6r, punter\u00e0 ad un colpaccio. Tra gli uomini scenderanno in pista ben quattro ragazzi. Julian R\u00fcfenacht al via su 100m e 200m, per lui prima esperienza ai CS. Dave Derigo correr\u00e0 la finale diretta dei 5000m. Roberto Simone partir\u00e0 sui 1500m, dove prover\u00e0 a sfruttare la sua esperienza per riuscire a sorprendere. A capitanare la delegazione vi sar\u00e0 Mattia Tajana, che dopo il bronzo nel 2016 e l&#8217;argento nel 2017 ha solo un obiettivo: il titolo di Campione svizzero!<\/p>\n<p>Buona fortuna e forza Gab!<\/p>\n<p><strong>Programma atleti Gab &#8211; venerd\u00ec:<\/strong><\/p>\n<ul>\n<li>Roberto Simone 1500m qualifica 15:05<\/li>\n<li>Julian R\u00fcfenacht 100m qualifiche 16:00<\/li>\n<li>Mara Moser 800m qualifiche 17:35<\/li>\n<li>Ev. Julian R\u00fcfenacht 100m semifinale 18:30<\/li>\n<li>Mattia Tajana 400mh qualifiche 19:25<\/li>\n<li>Dave Derigo 5000m finale 19.50<\/li>\n<li>Ev. Julian R\u00fcfenacht 100m finale 20.15<\/li>\n<\/ul>\n<p style=\"text-align: center;\"><a href=\"http:\/\/gab-bellinzona.ch\/wp\/wp-content\/uploads\/2018\/07\/Zeitplan-SM-2018-def.pdf\">Orario definitivo<\/a><\/p>\n<p style=\"text-align: center;\"><a href=\"http:\/\/gab-bellinzona.ch\/wp\/wp-content\/uploads\/2018\/07\/SM2018_Startliste_Verein_0907.pdf\">Start list per societ\u00e0<\/a>\u00a0&#8211;\u00a0<a href=\"http:\/\/gab-bellinzona.ch\/wp\/wp-content\/uploads\/2018\/07\/SM2018_Startliste_Disziplin_0907.pdf\">start list per disciplina<\/a>\u00a0&#8211;\u00a0<a href=\"http:\/\/gab-bellinzona.ch\/wp\/wp-content\/uploads\/2018\/07\/Qualimodus-SM-6_2018.pdf\">Modalit\u00e0 di qualificazione<\/a><\/p>\n<p><strong>Come sempre potete seguire le news sui nostri social media:<\/strong><\/p>\n<ul>\n<li><a href=\"https:\/\/www.instagram.com\/gab_bellinzona\/\">Instagram<\/a><\/li>\n<li><a href=\"https:\/\/www.facebook.com\/GAB-Bellinzona-181418582368202\/\">Facebook<\/a><\/li>\n<\/ul>\n<p>&nbsp;<\/p>\n<p>&nbsp;<\/p>\n<p>&nbsp;<\/p>\n<p>&nbsp;<\/p>\n","protected":false},"excerpt":{"rendered":"<p>Sabato Mattia Tajana si riconferma vice-campione svizzero sui 400m ad ostacoli. Medaglia d&#8217;argento arrivata dopo una gara corsa alla pari del suo rivali di sempre. Julian R\u00fcfenacht dal canto suo [&hellip;]<\/p>\n","protected":false},"author":2,"featured_media":0,"comment_status":"closed","ping_status":"closed","sticky":false,"template":"","format":"standard","meta":{"footnotes":""},"categories":[],"tags":[],"class_list":["post-660","post","type-post","status-publish","format-standard"],"_links":{"self":[{"href":"https:\/\/gab-bellinzona.ch\/online\/wp-json\/wp\/v2\/posts\/660","targetHints":{"allow":["GET"]}}],"collection":[{"href":"https:\/\/gab-bellinzona.ch\/online\/wp-json\/wp\/v2\/posts"}],"about":[{"href":"https:\/\/gab-bellinzona.ch\/online\/wp-json\/wp\/v2\/types\/post"}],"author":[{"embeddable":true,"href":"https:\/\/gab-bellinzona.ch\/online\/wp-json\/wp\/v2\/users\/2"}],"replies":[{"embeddable":true,"href":"https:\/\/gab-bellinzona.ch\/online\/wp-json\/wp\/v2\/comments?post=660"}],"version-history":[{"count":0,"href":"https:\/\/gab-bellinzona.ch\/online\/wp-json\/wp\/v2\/posts\/660\/revisions"}],"wp:attachment":[{"href":"https:\/\/gab-bellinzona.ch\/online\/wp-json\/wp\/v2\/media?parent=660"}],"wp:term":[{"taxonomy":"category","embeddable":true,"href":"https:\/\/gab-bellinzona.ch\/online\/wp-json\/wp\/v2\/categories?post=660"},{"taxonomy":"post_tag","embeddable":true,"href":"https:\/\/gab-bellinzona.ch\/online\/wp-json\/wp\/v2\/tags?post=660"}],"curies":[{"name":"wp","href":"https:\/\/api.w.org\/{rel}","templated":true}]}}