{"id":658,"date":"2018-07-03T13:29:24","date_gmt":"2018-07-03T11:29:24","guid":{"rendered":"http:\/\/gab-bellinzona.ch\/?p=6326"},"modified":"2018-07-06T08:22:00","modified_gmt":"2018-07-06T06:22:00","slug":"gyor-2018-segui-lavventura-europea-di-mara-moser-qualifiche-800m-giovedi-alle-1800","status":"publish","type":"post","link":"https:\/\/gab-bellinzona.ch\/online\/gyor-2018-segui-lavventura-europea-di-mara-moser-qualifiche-800m-giovedi-alle-1800\/","title":{"rendered":"Gy\u00f6r 2018: avventura europea di Mara Moser &#8211; RISULTATI"},"content":{"rendered":"<p><a href=\"http:\/\/gab-bellinzona.ch\/wp\/wp-content\/uploads\/2018\/07\/2018-303.png\"><img loading=\"lazy\" decoding=\"async\" class=\"size-medium wp-image-6332 aligncenter\" src=\"http:\/\/gab-bellinzona.ch\/wp\/wp-content\/uploads\/2018\/07\/2018-303-300x211.png\" alt=\"\" width=\"300\" height=\"211\" \/><\/a><\/p>\n<p>Ottimo risultato per <strong>Mara Moser<\/strong> agli Europei U18. Alla prima uscita con la maglia nazionale Mara \u00e8 scesa in pista sugli 800m. In una batteria con atlete di spessore Mara non si \u00e8 fatta troppo intimorire e ci ha provato fino alla fine, concludendo la gara in 2&#8217;14&#8243;79. Con un po&#8217; di fortuna in pi\u00f9 sarebbe potuto bastare per la semifinale.<\/p>\n<p><strong>Risultati<\/strong><\/p>\n<ul>\n<li>Mara Moser 800m 2&#8217;14&#8243;79<\/li>\n<\/ul>\n<p style=\"text-align: center;\"><a href=\"http:\/\/www.european-athletics.org\/competitions\/european-athletics-youth-championships\/2018\/schedules-results\/index.html\">&lt;&lt;Risultati&gt;&gt;<\/a><\/p>\n<p>Complimenti Mara! Fieri della tua prestazione europea, siamo sicuri che in tuo cammino \u00e8 ancora lungo. Continua cos\u00ec. Forza Gab!<\/p>\n<p>&nbsp;<\/p>\n<p><strong>Intro<\/strong><\/p>\n<p>\u00c8 arrivato il grande momento per Mara Moser! Forza Mara! Divertiti!\u00a0Dopo settimane di attesa \u00e8 giunto il momento di scendere in pista agli <strong>Europei U18<\/strong> di <a href=\"https:\/\/www.google.com\/maps\/place\/Gy\u0151r,+Ungheria\/@47.7422979,17.595748,48181m\/data=!3m1!1e3!4m5!3m4!1s0x476bbf87407ea035:0x400c4290c1e11e0!8m2!3d47.6874569!4d17.6503974\">Gy\u00f6r<\/a>.<\/p>\n<p>Gy\u00f6r, cittadina del nord-ovest dell&#8217;Ungheria con poco pi\u00f9 di 130&#8217;000 abitanti si trova poco distante dalle sponde del Danubio, in un triangolo di Citt\u00e0 dal grande fascino architettonico (Vienna, Bratislava e Budapest).<\/p>\n<p>La nazionale svizzera, partita luned\u00ec da Zurigo, si presenta all&#8217;appuntamento con ben 38 atleti.Tra di loro ben quattro ticinesi. Oltre a Mara anche Christian Reboldi (Sab), Emma Piffaretti (Usa) e Tessa Tedeschi (Sab). Da sinistra nella foto di copertina con l&#8217;allenatore di Emma, Beniamino Poserina.<\/p>\n<p><strong>Mara sar\u00e0 in pista gioved\u00ec 5 luglio 2018 alle 18:00 per le qualifiche<\/strong>, cercando di agguantare un posto per la semifinale. Gli 800m donne prevedono tre turni (semi-finale venerd\u00ec 6 e finale sabato).<\/p>\n<p>-&gt; Sito dei <a href=\"http:\/\/www.gyor2018.com\/index.html\">Campionati europei Gy\u00f6r 2018<\/a><\/p>\n<p><a href=\"http:\/\/www.gyor2018.com\/image\/Gyor2018TimetableEnglish.pdf\">-&gt; ORARIO<\/a> delle Gare<\/p>\n<p><a href=\"http:\/\/www.gyor2018.com\/image\/EU18CH2018FinalEntriesAthleteListByEvent.pdf\">-&gt; Liste di partenza<\/a><\/p>\n<p><a href=\"http:\/\/www.european-athletics.org\/competitions\/european-athletics-youth-championships\/2018\/athletics\/event\/girls-800m\/phase=atw008900\/index.html?v=20180704105602&amp;intcmp=[#]-schline-result\">-&gt; batterie degli 800m donne<\/a><\/p>\n<p style=\"text-align: center;\"><a href=\"http:\/\/www.european-athletics.org\">&lt;&lt;LIVE-Streaming (appena disponibile)&gt;&gt;<\/a><\/p>\n<p style=\"text-align: center;\"><a href=\"http:\/\/www.european-athletics.org\/competitions\/european-athletics-youth-championships\/2018\/schedules-results\/index.html\">&lt;&lt;Risultati live (appena disponibili)&gt;&gt;<\/a><\/p>\n<p><strong>Per restare informati su tutte le NEWS dei Campionati:\u00a0<\/strong><\/p>\n<p>-&gt; Pagina <a href=\"https:\/\/www.facebook.com\/swissathletics\">facebook di Swiss-Athletics<\/a><\/p>\n<p>-&gt; Pagina <a href=\"https:\/\/www.instagram.com\/gab_bellinzona\/\">Instagram Gab_bellinzona<\/a><\/p>\n","protected":false},"excerpt":{"rendered":"<p>Ottimo risultato per Mara Moser agli Europei U18. Alla prima uscita con la maglia nazionale Mara \u00e8 scesa in pista sugli 800m. In una batteria con atlete di spessore Mara [&hellip;]<\/p>\n","protected":false},"author":2,"featured_media":0,"comment_status":"closed","ping_status":"closed","sticky":false,"template":"","format":"standard","meta":{"footnotes":""},"categories":[],"tags":[],"class_list":["post-658","post","type-post","status-publish","format-standard"],"_links":{"self":[{"href":"https:\/\/gab-bellinzona.ch\/online\/wp-json\/wp\/v2\/posts\/658","targetHints":{"allow":["GET"]}}],"collection":[{"href":"https:\/\/gab-bellinzona.ch\/online\/wp-json\/wp\/v2\/posts"}],"about":[{"href":"https:\/\/gab-bellinzona.ch\/online\/wp-json\/wp\/v2\/types\/post"}],"author":[{"embeddable":true,"href":"https:\/\/gab-bellinzona.ch\/online\/wp-json\/wp\/v2\/users\/2"}],"replies":[{"embeddable":true,"href":"https:\/\/gab-bellinzona.ch\/online\/wp-json\/wp\/v2\/comments?post=658"}],"version-history":[{"count":0,"href":"https:\/\/gab-bellinzona.ch\/online\/wp-json\/wp\/v2\/posts\/658\/revisions"}],"wp:attachment":[{"href":"https:\/\/gab-bellinzona.ch\/online\/wp-json\/wp\/v2\/media?parent=658"}],"wp:term":[{"taxonomy":"category","embeddable":true,"href":"https:\/\/gab-bellinzona.ch\/online\/wp-json\/wp\/v2\/categories?post=658"},{"taxonomy":"post_tag","embeddable":true,"href":"https:\/\/gab-bellinzona.ch\/online\/wp-json\/wp\/v2\/tags?post=658"}],"curies":[{"name":"wp","href":"https:\/\/api.w.org\/{rel}","templated":true}]}}