{"id":655,"date":"2018-06-29T10:49:35","date_gmt":"2018-06-29T08:49:35","guid":{"rendered":"http:\/\/gab-bellinzona.ch\/?p=6301"},"modified":"2018-07-01T15:27:53","modified_gmt":"2018-07-01T13:27:53","slug":"trasloco-sala-pesi-bellinzona","status":"publish","type":"post","link":"https:\/\/gab-bellinzona.ch\/online\/trasloco-sala-pesi-bellinzona\/","title":{"rendered":"Trasloco sala pesi &#8211; Bellinzona"},"content":{"rendered":"<p>Come vi avevamo anticipato due settimane fa, settimana prossima la nostra gloriosa sala pesi in Golena verr\u00e0 smantellata per fare posto all&#8217;ampliamento della scuola cantonale di commercio (SCC).<\/p>\n<p>Mercoled\u00ec 27 giugno si \u00e8 perci\u00f2 effettuato il trasloco delle attrezzature in direzione della futura location. Grazie alla collaborazione con il Comune di Bellinzona \u00e8 stato possibile identificare un locale nella scuola elementare del quartiere Semine, che dopo alcuni lavori di adattamento diventer\u00e0 la\u00a0nuova sala pesi Gab.<\/p>\n<p>Un grazie enorme a chi si \u00e8 dato da fare per smontare, caricare, trasportare e scaricare i macchinari. Grazie anche al G+S di Bellinzona e ai suoi collaboratori per il prezioso aiuto offertoci.<\/p>\n<p>Alcune foto:<\/p>\n<p><a href=\"http:\/\/gab-bellinzona.ch\/wp\/wp-content\/uploads\/2018\/06\/PHOTO-2018-06-27-20-43-46.jpg\"><img loading=\"lazy\" decoding=\"async\" class=\"alignnone size-medium wp-image-6302\" src=\"http:\/\/gab-bellinzona.ch\/wp\/wp-content\/uploads\/2018\/06\/PHOTO-2018-06-27-20-43-46-300x225.jpg\" alt=\"\" width=\"300\" height=\"225\" \/><\/a> <a href=\"http:\/\/gab-bellinzona.ch\/wp\/wp-content\/uploads\/2018\/06\/PHOTO-2018-06-27-20-43-47-2.jpg\"><img loading=\"lazy\" decoding=\"async\" class=\"alignnone size-medium wp-image-6303\" src=\"http:\/\/gab-bellinzona.ch\/wp\/wp-content\/uploads\/2018\/06\/PHOTO-2018-06-27-20-43-47-2-300x225.jpg\" alt=\"\" width=\"300\" height=\"225\" \/><\/a> <a href=\"http:\/\/gab-bellinzona.ch\/wp\/wp-content\/uploads\/2018\/06\/PHOTO-2018-06-27-20-43-47-3.jpg\"><img loading=\"lazy\" decoding=\"async\" class=\"alignnone size-medium wp-image-6304\" src=\"http:\/\/gab-bellinzona.ch\/wp\/wp-content\/uploads\/2018\/06\/PHOTO-2018-06-27-20-43-47-3-300x225.jpg\" alt=\"\" width=\"300\" height=\"225\" \/><\/a> <a href=\"http:\/\/gab-bellinzona.ch\/wp\/wp-content\/uploads\/2018\/06\/PHOTO-2018-06-27-20-43-47-4.jpg\"><img loading=\"lazy\" decoding=\"async\" class=\"alignnone size-medium wp-image-6305\" src=\"http:\/\/gab-bellinzona.ch\/wp\/wp-content\/uploads\/2018\/06\/PHOTO-2018-06-27-20-43-47-4-300x225.jpg\" alt=\"\" width=\"300\" height=\"225\" \/><\/a> <a href=\"http:\/\/gab-bellinzona.ch\/wp\/wp-content\/uploads\/2018\/06\/PHOTO-2018-06-27-20-43-47-5.jpg\"><img loading=\"lazy\" decoding=\"async\" class=\"alignnone size-medium wp-image-6306\" src=\"http:\/\/gab-bellinzona.ch\/wp\/wp-content\/uploads\/2018\/06\/PHOTO-2018-06-27-20-43-47-5-225x300.jpg\" alt=\"\" width=\"225\" height=\"300\" \/><\/a> <a href=\"http:\/\/gab-bellinzona.ch\/wp\/wp-content\/uploads\/2018\/06\/PHOTO-2018-06-27-20-43-47-6.jpg\"><img loading=\"lazy\" decoding=\"async\" class=\"alignnone size-medium wp-image-6307\" src=\"http:\/\/gab-bellinzona.ch\/wp\/wp-content\/uploads\/2018\/06\/PHOTO-2018-06-27-20-43-47-6-300x225.jpg\" alt=\"\" width=\"300\" height=\"225\" \/><\/a> <a href=\"http:\/\/gab-bellinzona.ch\/wp\/wp-content\/uploads\/2018\/06\/PHOTO-2018-06-27-20-43-47-7.jpg\"><img loading=\"lazy\" decoding=\"async\" class=\"alignnone size-medium wp-image-6308\" src=\"http:\/\/gab-bellinzona.ch\/wp\/wp-content\/uploads\/2018\/06\/PHOTO-2018-06-27-20-43-47-7-300x225.jpg\" alt=\"\" width=\"300\" height=\"225\" \/><\/a> <a href=\"http:\/\/gab-bellinzona.ch\/wp\/wp-content\/uploads\/2018\/06\/PHOTO-2018-06-27-20-43-47-8.jpg\"><img loading=\"lazy\" decoding=\"async\" class=\"alignnone size-medium wp-image-6309\" src=\"http:\/\/gab-bellinzona.ch\/wp\/wp-content\/uploads\/2018\/06\/PHOTO-2018-06-27-20-43-47-8-225x300.jpg\" alt=\"\" width=\"225\" height=\"300\" \/><\/a> <a href=\"http:\/\/gab-bellinzona.ch\/wp\/wp-content\/uploads\/2018\/06\/PHOTO-2018-06-27-20-43-47-9.jpg\"><img loading=\"lazy\" decoding=\"async\" class=\"alignnone size-medium wp-image-6310\" src=\"http:\/\/gab-bellinzona.ch\/wp\/wp-content\/uploads\/2018\/06\/PHOTO-2018-06-27-20-43-47-9-225x300.jpg\" alt=\"\" width=\"225\" height=\"300\" \/><\/a> <a href=\"http:\/\/gab-bellinzona.ch\/wp\/wp-content\/uploads\/2018\/06\/PHOTO-2018-06-27-20-43-47-10.jpg\"><img loading=\"lazy\" decoding=\"async\" class=\"alignnone size-medium wp-image-6311\" src=\"http:\/\/gab-bellinzona.ch\/wp\/wp-content\/uploads\/2018\/06\/PHOTO-2018-06-27-20-43-47-10-300x225.jpg\" alt=\"\" width=\"300\" height=\"225\" \/><\/a> <a href=\"http:\/\/gab-bellinzona.ch\/wp\/wp-content\/uploads\/2018\/06\/PHOTO-2018-06-27-20-43-47-11.jpg\"><img loading=\"lazy\" decoding=\"async\" class=\"alignnone size-medium wp-image-6312\" src=\"http:\/\/gab-bellinzona.ch\/wp\/wp-content\/uploads\/2018\/06\/PHOTO-2018-06-27-20-43-47-11-300x225.jpg\" alt=\"\" width=\"300\" height=\"225\" \/><\/a> <a href=\"http:\/\/gab-bellinzona.ch\/wp\/wp-content\/uploads\/2018\/06\/PHOTO-2018-06-27-20-43-47.jpg\"><img loading=\"lazy\" decoding=\"async\" class=\"alignnone size-medium wp-image-6313\" src=\"http:\/\/gab-bellinzona.ch\/wp\/wp-content\/uploads\/2018\/06\/PHOTO-2018-06-27-20-43-47-225x300.jpg\" alt=\"\" width=\"225\" height=\"300\" \/><\/a><\/p>\n<p>La nuova sala pesi sar\u00e0 agibile da ottobre, restati sintonizzati su gab-bellinzona.ch per ricevere le novit\u00e0 sulla sala pesi.<\/p>\n","protected":false},"excerpt":{"rendered":"<p>Come vi avevamo anticipato due settimane fa, settimana prossima la nostra gloriosa sala pesi in Golena verr\u00e0 smantellata per fare posto all&#8217;ampliamento della scuola cantonale di commercio (SCC). Mercoled\u00ec 27 [&hellip;]<\/p>\n","protected":false},"author":2,"featured_media":0,"comment_status":"closed","ping_status":"closed","sticky":false,"template":"","format":"standard","meta":{"footnotes":""},"categories":[],"tags":[],"class_list":["post-655","post","type-post","status-publish","format-standard"],"_links":{"self":[{"href":"https:\/\/gab-bellinzona.ch\/online\/wp-json\/wp\/v2\/posts\/655","targetHints":{"allow":["GET"]}}],"collection":[{"href":"https:\/\/gab-bellinzona.ch\/online\/wp-json\/wp\/v2\/posts"}],"about":[{"href":"https:\/\/gab-bellinzona.ch\/online\/wp-json\/wp\/v2\/types\/post"}],"author":[{"embeddable":true,"href":"https:\/\/gab-bellinzona.ch\/online\/wp-json\/wp\/v2\/users\/2"}],"replies":[{"embeddable":true,"href":"https:\/\/gab-bellinzona.ch\/online\/wp-json\/wp\/v2\/comments?post=655"}],"version-history":[{"count":0,"href":"https:\/\/gab-bellinzona.ch\/online\/wp-json\/wp\/v2\/posts\/655\/revisions"}],"wp:attachment":[{"href":"https:\/\/gab-bellinzona.ch\/online\/wp-json\/wp\/v2\/media?parent=655"}],"wp:term":[{"taxonomy":"category","embeddable":true,"href":"https:\/\/gab-bellinzona.ch\/online\/wp-json\/wp\/v2\/categories?post=655"},{"taxonomy":"post_tag","embeddable":true,"href":"https:\/\/gab-bellinzona.ch\/online\/wp-json\/wp\/v2\/tags?post=655"}],"curies":[{"name":"wp","href":"https:\/\/api.w.org\/{rel}","templated":true}]}}