{"id":653,"date":"2018-06-25T11:58:24","date_gmt":"2018-06-25T09:58:24","guid":{"rendered":"http:\/\/gab-bellinzona.ch\/?p=6287"},"modified":"2018-06-25T11:58:24","modified_gmt":"2018-06-25T09:58:24","slug":"euromara-mara-moser-selezionata-per-gli-europei-u18-di-gyor","status":"publish","type":"post","link":"https:\/\/gab-bellinzona.ch\/online\/euromara-mara-moser-selezionata-per-gli-europei-u18-di-gyor\/","title":{"rendered":"EuroMARA: Mara Moser selezionata per gli Europei U18 di Gyor!!!"},"content":{"rendered":"<p>Che MARAviglia! Finalmente \u00e8 ufficiale, <strong>Mara Moser difender\u00e0 i colori rossocrociati agli Europei U18 di Gyor in Ungheria<\/strong> (5-8 luglio). L&#8217;atleta allenata da Chico Cariboni, a cui facciamo i complimenti, sar\u00e0 al via sugli 800m distanza da lei prediletta.<\/p>\n<p>Bravissima Mara!<\/p>\n<p>Purtroppo non \u00e8 per\u00f2 giunta la sperata doppia selezione, <strong>Julian R\u00fcfenacht<\/strong> nonostante aver ottenuto il limite sui 100 e 200m non \u00e8 riuscito ad essere uno dei 2 ragazzi pi\u00f9 veloci nelle liste nazionali e non sar\u00e0 quindi nella selezione nazionale. Julian questa stagione ha dimostrato ulteriormente di essere solo all&#8217;inizio di una brillante carriera, siamo sicuri che lo vedremo al pi\u00f9 presto solcare palcoscenici molto importanti. Forza Julian!<\/p>\n<p style=\"text-align: center;\"><a href=\"https:\/\/www.swiss-athletics.ch\/de\/blog\/2018\/06\/25\/swiss-athletics-entsendet-38-koepfiges-team-an-die-u18-em\/\">&lt;&lt;Selezionati di Swiss Athletics&gt;&gt;<\/a><\/p>\n","protected":false},"excerpt":{"rendered":"<p>Che MARAviglia! Finalmente \u00e8 ufficiale, Mara Moser difender\u00e0 i colori rossocrociati agli Europei U18 di Gyor in Ungheria (5-8 luglio). L&#8217;atleta allenata da Chico Cariboni, a cui facciamo i complimenti, [&hellip;]<\/p>\n","protected":false},"author":2,"featured_media":0,"comment_status":"closed","ping_status":"closed","sticky":false,"template":"","format":"standard","meta":{"footnotes":""},"categories":[],"tags":[],"class_list":["post-653","post","type-post","status-publish","format-standard"],"_links":{"self":[{"href":"https:\/\/gab-bellinzona.ch\/online\/wp-json\/wp\/v2\/posts\/653","targetHints":{"allow":["GET"]}}],"collection":[{"href":"https:\/\/gab-bellinzona.ch\/online\/wp-json\/wp\/v2\/posts"}],"about":[{"href":"https:\/\/gab-bellinzona.ch\/online\/wp-json\/wp\/v2\/types\/post"}],"author":[{"embeddable":true,"href":"https:\/\/gab-bellinzona.ch\/online\/wp-json\/wp\/v2\/users\/2"}],"replies":[{"embeddable":true,"href":"https:\/\/gab-bellinzona.ch\/online\/wp-json\/wp\/v2\/comments?post=653"}],"version-history":[{"count":0,"href":"https:\/\/gab-bellinzona.ch\/online\/wp-json\/wp\/v2\/posts\/653\/revisions"}],"wp:attachment":[{"href":"https:\/\/gab-bellinzona.ch\/online\/wp-json\/wp\/v2\/media?parent=653"}],"wp:term":[{"taxonomy":"category","embeddable":true,"href":"https:\/\/gab-bellinzona.ch\/online\/wp-json\/wp\/v2\/categories?post=653"},{"taxonomy":"post_tag","embeddable":true,"href":"https:\/\/gab-bellinzona.ch\/online\/wp-json\/wp\/v2\/tags?post=653"}],"curies":[{"name":"wp","href":"https:\/\/api.w.org\/{rel}","templated":true}]}}