{"id":649,"date":"2018-06-14T09:49:23","date_gmt":"2018-06-14T07:49:23","guid":{"rendered":"http:\/\/gab-bellinzona.ch\/?p=6250"},"modified":"2018-06-17T21:30:05","modified_gmt":"2018-06-17T19:30:05","slug":"trasloco-sala-pesi-per-favore-liberare-da-oggetti-personali-dentro-il-22-giugno","status":"publish","type":"post","link":"https:\/\/gab-bellinzona.ch\/online\/trasloco-sala-pesi-per-favore-liberare-da-oggetti-personali-dentro-il-22-giugno\/","title":{"rendered":"Trasloco sala pesi &#8211;> Per favore liberare da oggetti personali entro il 22 giugno"},"content":{"rendered":"<p>Cari atleti, allenatori e sostenitori Gab,<\/p>\n<p>dopo anni di gloriosi allenamenti la nostra amata sala pesi in riva al Ticino verr\u00e0 smantellata per fare posto all&#8217;ampliamento della Scuola cantonale di commercio (SCC).<\/p>\n<p>A fine giugno si proseguir\u00e0 al trasloco dei macchinari e delle attrezzature da allenamento. Il comitato Gab sta lavorando da mesi alle possibili alternative e grazie al supporto della Citt\u00e0 siamo si \u00e8 ora arrivati ad una soluzione. La sede della nuova sala pesi verr\u00e0 quindi resa nota a breve\u00a0(un po&#8217; di suspence ci vuole ;D).<\/p>\n<p><strong>Vi chiediamo perci\u00f2 di passare in sala pesi e ritirare i vostri materiali privati (attrezzi, scarpe da ginnastica, &#8230;..) entro il 22 giugno 2018.<\/strong><\/p>\n<p>Tutti gli oggetti personali che non verranno ritirati verranno eliminati o donati (p.e scarpe) a chi ne pu\u00f2 fare buon uso.<\/p>\n<p>Ricordiamo in oltre che per il trasloco che si terr\u00e0 a fine giugno sono aperte le iscrizioni.<\/p>\n","protected":false},"excerpt":{"rendered":"<p>Cari atleti, allenatori e sostenitori Gab, dopo anni di gloriosi allenamenti la nostra amata sala pesi in riva al Ticino verr\u00e0 smantellata per fare posto all&#8217;ampliamento della Scuola cantonale di [&hellip;]<\/p>\n","protected":false},"author":2,"featured_media":0,"comment_status":"closed","ping_status":"closed","sticky":false,"template":"","format":"standard","meta":{"footnotes":""},"categories":[],"tags":[],"class_list":["post-649","post","type-post","status-publish","format-standard"],"_links":{"self":[{"href":"https:\/\/gab-bellinzona.ch\/online\/wp-json\/wp\/v2\/posts\/649","targetHints":{"allow":["GET"]}}],"collection":[{"href":"https:\/\/gab-bellinzona.ch\/online\/wp-json\/wp\/v2\/posts"}],"about":[{"href":"https:\/\/gab-bellinzona.ch\/online\/wp-json\/wp\/v2\/types\/post"}],"author":[{"embeddable":true,"href":"https:\/\/gab-bellinzona.ch\/online\/wp-json\/wp\/v2\/users\/2"}],"replies":[{"embeddable":true,"href":"https:\/\/gab-bellinzona.ch\/online\/wp-json\/wp\/v2\/comments?post=649"}],"version-history":[{"count":0,"href":"https:\/\/gab-bellinzona.ch\/online\/wp-json\/wp\/v2\/posts\/649\/revisions"}],"wp:attachment":[{"href":"https:\/\/gab-bellinzona.ch\/online\/wp-json\/wp\/v2\/media?parent=649"}],"wp:term":[{"taxonomy":"category","embeddable":true,"href":"https:\/\/gab-bellinzona.ch\/online\/wp-json\/wp\/v2\/categories?post=649"},{"taxonomy":"post_tag","embeddable":true,"href":"https:\/\/gab-bellinzona.ch\/online\/wp-json\/wp\/v2\/tags?post=649"}],"curies":[{"name":"wp","href":"https:\/\/api.w.org\/{rel}","templated":true}]}}