{"id":646,"date":"2018-06-04T13:28:31","date_gmt":"2018-06-04T11:28:31","guid":{"rendered":"http:\/\/gab-bellinzona.ch\/?p=6224"},"modified":"2018-06-06T19:34:10","modified_gmt":"2018-06-06T17:34:10","slug":"giovedi-7-giugno-servizio-fotografico-gab-portare-vestiti-gab","status":"publish","type":"post","link":"https:\/\/gab-bellinzona.ch\/online\/giovedi-7-giugno-servizio-fotografico-gab-portare-vestiti-gab\/","title":{"rendered":"Gioved\u00ec 7 giugno: SERVIZIO FOTOGRAFICO GAB -> POSTICIPATO!"},"content":{"rendered":"<div>Purtroppo causa forza maggiore il servizio fotografico \u00e8 stato posticipato a settembre!<\/div>\n<div><\/div>\n<div><\/div>\n<div class=\"\"><b class=\"\">Gioved\u00ec sera 7 giugno<\/b> sar\u00e0 presente allo stadio la fotografa Michela Locatelli <a href=\"http:\/\/www.photolocatelli.ch\">(photolocatelli.ch)<\/a> per fare una serie di foto dei nostri atleti e allenatori durante l\u2019allenamento. Sar\u00e0 un&#8217;occasione per arricchire ulteriormente il nostro <a href=\"http:\/\/gab-bellinzona.ch\/archivio_foto\/\">archivio foto.<\/a><\/div>\n<div class=\"\"><\/div>\n<div class=\"\">Importante: presentatevi tutti (atleti e gli allenatori) con le tenute GAB (magliette, felpe, \u2026 uguale cosa, ma ufficiali GAB).<\/div>\n<div><\/div>\n<div>Grazie 1000 per la collaborazione, forza Gab!<\/div>\n<div><\/div>\n","protected":false},"excerpt":{"rendered":"<p>Purtroppo causa forza maggiore il servizio fotografico \u00e8 stato posticipato a settembre! Gioved\u00ec sera 7 giugno sar\u00e0 presente allo stadio la fotografa Michela Locatelli (photolocatelli.ch) per fare una serie di [&hellip;]<\/p>\n","protected":false},"author":2,"featured_media":0,"comment_status":"closed","ping_status":"closed","sticky":false,"template":"","format":"standard","meta":{"footnotes":""},"categories":[],"tags":[],"class_list":["post-646","post","type-post","status-publish","format-standard"],"_links":{"self":[{"href":"https:\/\/gab-bellinzona.ch\/online\/wp-json\/wp\/v2\/posts\/646","targetHints":{"allow":["GET"]}}],"collection":[{"href":"https:\/\/gab-bellinzona.ch\/online\/wp-json\/wp\/v2\/posts"}],"about":[{"href":"https:\/\/gab-bellinzona.ch\/online\/wp-json\/wp\/v2\/types\/post"}],"author":[{"embeddable":true,"href":"https:\/\/gab-bellinzona.ch\/online\/wp-json\/wp\/v2\/users\/2"}],"replies":[{"embeddable":true,"href":"https:\/\/gab-bellinzona.ch\/online\/wp-json\/wp\/v2\/comments?post=646"}],"version-history":[{"count":0,"href":"https:\/\/gab-bellinzona.ch\/online\/wp-json\/wp\/v2\/posts\/646\/revisions"}],"wp:attachment":[{"href":"https:\/\/gab-bellinzona.ch\/online\/wp-json\/wp\/v2\/media?parent=646"}],"wp:term":[{"taxonomy":"category","embeddable":true,"href":"https:\/\/gab-bellinzona.ch\/online\/wp-json\/wp\/v2\/categories?post=646"},{"taxonomy":"post_tag","embeddable":true,"href":"https:\/\/gab-bellinzona.ch\/online\/wp-json\/wp\/v2\/tags?post=646"}],"curies":[{"name":"wp","href":"https:\/\/api.w.org\/{rel}","templated":true}]}}