{"id":644,"date":"2018-06-01T07:55:32","date_gmt":"2018-06-01T05:55:32","guid":{"rendered":"http:\/\/gab-bellinzona.ch\/?p=6214"},"modified":"2018-06-01T07:56:13","modified_gmt":"2018-06-01T05:56:13","slug":"ragazzo-piu-veloce-del-ticino-bellinzona","status":"publish","type":"post","link":"https:\/\/gab-bellinzona.ch\/online\/ragazzo-piu-veloce-del-ticino-bellinzona\/","title":{"rendered":"Ragazzo pi\u00f9 veloce del Ticino &#8211; Bellinzona"},"content":{"rendered":"<p>Si \u00e8 svolta ieri a Bellinzona la finale del Ragazzo pi\u00f9 veloce del Ticino valido per lo Swiss Athletics Sprint. Nathan Oberti, ha vinto il titolo tra i ragazzi della sua categoria, risultando il ragazzo pi\u00f9 veloce di tutto il Canton Ticino. Tra i nati del 2008, vittoria per Chiara Peduzzi e quindi ragazza 2008 pi\u00f9 veloce del Ticino. Sul podio anche per Leonardo Lafranchi tra i ragazzi nati nel 2007.<\/p>\n<p>Nathan e Chiara accedono cos\u00ec alla finale nazionale che si terr\u00e0 davanti al museo Olimpico di Losanna il 23 settembre.<\/p>\n<p>Complimenti a tutti i ragazzi al via, complimenti Nathan e Chiara. Forza Gab!<\/p>\n<p style=\"text-align: center;\"><a href=\"http:\/\/www.ftal.ch\/risultati-gare\/\">&lt;&lt;Risultati completi (appena disponibili)&gt;&gt;<\/a><\/p>\n","protected":false},"excerpt":{"rendered":"<p>Si \u00e8 svolta ieri a Bellinzona la finale del Ragazzo pi\u00f9 veloce del Ticino valido per lo Swiss Athletics Sprint. Nathan Oberti, ha vinto il titolo tra i ragazzi della [&hellip;]<\/p>\n","protected":false},"author":2,"featured_media":0,"comment_status":"closed","ping_status":"closed","sticky":false,"template":"","format":"standard","meta":{"footnotes":""},"categories":[],"tags":[],"class_list":["post-644","post","type-post","status-publish","format-standard"],"_links":{"self":[{"href":"https:\/\/gab-bellinzona.ch\/online\/wp-json\/wp\/v2\/posts\/644","targetHints":{"allow":["GET"]}}],"collection":[{"href":"https:\/\/gab-bellinzona.ch\/online\/wp-json\/wp\/v2\/posts"}],"about":[{"href":"https:\/\/gab-bellinzona.ch\/online\/wp-json\/wp\/v2\/types\/post"}],"author":[{"embeddable":true,"href":"https:\/\/gab-bellinzona.ch\/online\/wp-json\/wp\/v2\/users\/2"}],"replies":[{"embeddable":true,"href":"https:\/\/gab-bellinzona.ch\/online\/wp-json\/wp\/v2\/comments?post=644"}],"version-history":[{"count":0,"href":"https:\/\/gab-bellinzona.ch\/online\/wp-json\/wp\/v2\/posts\/644\/revisions"}],"wp:attachment":[{"href":"https:\/\/gab-bellinzona.ch\/online\/wp-json\/wp\/v2\/media?parent=644"}],"wp:term":[{"taxonomy":"category","embeddable":true,"href":"https:\/\/gab-bellinzona.ch\/online\/wp-json\/wp\/v2\/categories?post=644"},{"taxonomy":"post_tag","embeddable":true,"href":"https:\/\/gab-bellinzona.ch\/online\/wp-json\/wp\/v2\/tags?post=644"}],"curies":[{"name":"wp","href":"https:\/\/api.w.org\/{rel}","templated":true}]}}