{"id":642,"date":"2018-05-25T15:21:18","date_gmt":"2018-05-25T13:21:18","guid":{"rendered":"http:\/\/gab-bellinzona.ch\/?p=6199"},"modified":"2018-05-25T15:23:31","modified_gmt":"2018-05-25T13:23:31","slug":"domenica-27-maggio-gp-ftal-la-sfida-e-lanciata","status":"publish","type":"post","link":"https:\/\/gab-bellinzona.ch\/online\/domenica-27-maggio-gp-ftal-la-sfida-e-lanciata\/","title":{"rendered":"Domenica 27 maggio: GP FTAL, la sfida \u00e8 lanciata!"},"content":{"rendered":"<p>Si terr\u00e0 domenica 27 maggio, il primo Gran Premio FTAL della stagione.\u00a0Chi si aggiudicher\u00e0 il montepremi di giornata ? Chi sar\u00e0 in grado di portare la miglior prestazione ?<\/p>\n<p>Domenica scenderanno in pista pi\u00f9 di 220 atleti (ndr. 2017 ca. 150 atleti), che lotteranno per portare in pista la miglior prestazione possibile. Le gare cominceranno \u00a0alle 13:30.<\/p>\n<p>Da non perdere sar\u00e0 la finale dei 100m piani alle 16:30, dove speriamo che il velocista di casa Julian R\u00fcfenacht potr\u00e0 essere tra i protagonisti.<a href=\"http:\/\/gab-bellinzona.ch\/wp\/wp-content\/uploads\/2018\/05\/Schermata-2018-05-25-alle-15.22.10.png\"><br \/>\n<\/a><\/p>\n<p style=\"text-align: center;\"><a href=\"http:\/\/gab-bellinzona.ch\/wp\/wp-content\/uploads\/2018\/04\/Programma-GP-27-maggio-2018-1.pdf\">&lt;&lt;ORARIO&gt;&gt;<\/a><\/p>\n<p>&nbsp;<\/p>\n","protected":false},"excerpt":{"rendered":"<p>Si terr\u00e0 domenica 27 maggio, il primo Gran Premio FTAL della stagione.\u00a0Chi si aggiudicher\u00e0 il montepremi di giornata ? Chi sar\u00e0 in grado di portare la miglior prestazione ? Domenica [&hellip;]<\/p>\n","protected":false},"author":2,"featured_media":0,"comment_status":"closed","ping_status":"closed","sticky":false,"template":"","format":"standard","meta":{"footnotes":""},"categories":[],"tags":[],"class_list":["post-642","post","type-post","status-publish","format-standard"],"_links":{"self":[{"href":"https:\/\/gab-bellinzona.ch\/online\/wp-json\/wp\/v2\/posts\/642","targetHints":{"allow":["GET"]}}],"collection":[{"href":"https:\/\/gab-bellinzona.ch\/online\/wp-json\/wp\/v2\/posts"}],"about":[{"href":"https:\/\/gab-bellinzona.ch\/online\/wp-json\/wp\/v2\/types\/post"}],"author":[{"embeddable":true,"href":"https:\/\/gab-bellinzona.ch\/online\/wp-json\/wp\/v2\/users\/2"}],"replies":[{"embeddable":true,"href":"https:\/\/gab-bellinzona.ch\/online\/wp-json\/wp\/v2\/comments?post=642"}],"version-history":[{"count":0,"href":"https:\/\/gab-bellinzona.ch\/online\/wp-json\/wp\/v2\/posts\/642\/revisions"}],"wp:attachment":[{"href":"https:\/\/gab-bellinzona.ch\/online\/wp-json\/wp\/v2\/media?parent=642"}],"wp:term":[{"taxonomy":"category","embeddable":true,"href":"https:\/\/gab-bellinzona.ch\/online\/wp-json\/wp\/v2\/categories?post=642"},{"taxonomy":"post_tag","embeddable":true,"href":"https:\/\/gab-bellinzona.ch\/online\/wp-json\/wp\/v2\/tags?post=642"}],"curies":[{"name":"wp","href":"https:\/\/api.w.org\/{rel}","templated":true}]}}