{"id":640,"date":"2018-05-20T19:00:48","date_gmt":"2018-05-20T17:00:48","guid":{"rendered":"http:\/\/gab-bellinzona.ch\/?p=6183"},"modified":"2018-05-20T20:04:07","modified_gmt":"2018-05-20T18:04:07","slug":"limite-europei-u18-per-julien-rufenacht-al-brixia-meeting-bressanone","status":"publish","type":"post","link":"https:\/\/gab-bellinzona.ch\/online\/limite-europei-u18-per-julien-rufenacht-al-brixia-meeting-bressanone\/","title":{"rendered":"Limite Europei U18 per Julian R\u00fcfenacht al Brixia Meeting! &#8211; Bressanone"},"content":{"rendered":"<p>Selezione Ticino U18 Brixia Meeting &#8211; Bressanone<\/p>\n<p>Grandissima prestazione per Julian! Sui 200m Julian \u00e8 sceso il limite fissato dalla federazione svizzera per gli Europei di Gy\u00f6r, portando il proprio primato personale a 22&#8243;44. Per essere sicuro di una partecipazione Julian dovr\u00e0 ora cercare di portare il suo personale vicino o sotto i 22&#8243;, cos\u00ec da essere uno dei due selezionati alla rassegna europea.<\/p>\n<p>Al via al Brixia Meeting di Bressanone, rassegna per selezioni giovanili, c&#8217;erano oltre a Julian, anche altri sei atleti Gab: Mara Moser era al via sugli 800m per cercare di abbassare \u00a0il suo primato personale, che tutt&#8217;ora le vale ancora la qualifica all&#8217;Europeo. Nonostante non essere riuscita nel suo scopo, Mara ha ottenuto il secondo tempo di giornata salendo cos\u00ec sul podio. Anche Nicola Lo Russo era al via sugli 800m, partito nella batteria veloce, Nicola ha finito siglando un nuovo personale 2&#8217;00&#8243;49. Sempre nel mezzofondo, Mattia Verzaroli ha finito il suo 1500m in 4&#8217;26&#8243;&#8221;84. Alessio Guidon sui 110mh ha ottenuto un buon 15&#8243;42. Nicola Fumagalli nel lungo ha saltato 6.31m, dimostrando di essere molto preciso (questa stagione gi\u00e0 6.31, 6.33). Nei lanci Gillian Ferrari ha lanciato il disco\u00a0e il giavellotto vicino ai suoi limiti personale. Alessio e Julian sono poi stati impegnati con la staffetta ticinese (46&#8243;63).<\/p>\n<p>Complimenti a tutti e sette! Grazie al coach Michele che ha effettuato la trasferta con i nostri giovani per sostenerli in questa gara importante. Forza Gab!<\/p>\n<p><strong>Risultati:<\/strong><\/p>\n<ul>\n<li>Mara Moser 800m 2&#8217;17&#8243;59 -&gt; 2\u00b0 posto<\/li>\n<li>Gillian Ferrari disco 29.55m giavellotto 32.38m<\/li>\n<li>Alessio Guidon 110mh 15&#8243;42<\/li>\n<li>Julian R\u00fcfenacht 200m 22&#8243;44 <strong>PB<\/strong><\/li>\n<li>Nicola Lo Russo 800m 2&#8217;00&#8243;49 <strong>PB<\/strong><\/li>\n<li>Mattia Verzaroli 1500m 4&#8217;26&#8243;84<\/li>\n<li>Nicola Fumagalli lungo 6.31<\/li>\n<\/ul>\n<p style=\"text-align: center;\"><a href=\"http:\/\/www.fidal.it\/risultati\/2018\/COD6620\/RESULTSBYEVENT1.htm\">&lt;&lt;Risultati&gt;&gt;<\/a><\/p>\n<p style=\"text-align: center;\"><a href=\"https:\/\/www.youtube.com\/watch?v=AiG4wSrOu2U\">&lt;&lt;Video delle gare&gt;&gt;<\/a><\/p>\n<p>Prossimo appuntamento: <a href=\"https:\/\/drive.google.com\/open?id=0B-cQ3ap6F1PecENYUEsyR1ZSb2d0TjVpaUU5Y3Y1ZFR0R2I4\">Meeting serale \u2013 Tesserete \u2014&gt; Mercoled\u00ec 23 maggio 2018<\/a><\/p>\n<article id=\"post-6176\" class=\"td-post-template-3 post-6176 post type-post status-publish format-standard has-post-thumbnail hentry category-category-1 td-container-wrap\">\n<div class=\"td-container\">\n<div class=\"td-pb-row\">\n<div class=\"td-pb-span8 td-main-content\" role=\"main\">\n<div class=\"td-ss-main-content\"><\/div>\n<\/div>\n<\/div>\n<\/div>\n<\/article>\n<div class=\"td-main-content-wrap td-footer-instagram-container td-container-wrap \">\n<div class=\"td-instagram-user\"><\/div>\n<\/div>\n<p>&nbsp;<\/p>\n","protected":false},"excerpt":{"rendered":"<p>Selezione Ticino U18 Brixia Meeting &#8211; Bressanone Grandissima prestazione per Julian! Sui 200m Julian \u00e8 sceso il limite fissato dalla federazione svizzera per gli Europei di Gy\u00f6r, portando il proprio [&hellip;]<\/p>\n","protected":false},"author":2,"featured_media":0,"comment_status":"closed","ping_status":"closed","sticky":false,"template":"","format":"standard","meta":{"footnotes":""},"categories":[],"tags":[],"class_list":["post-640","post","type-post","status-publish","format-standard"],"_links":{"self":[{"href":"https:\/\/gab-bellinzona.ch\/online\/wp-json\/wp\/v2\/posts\/640","targetHints":{"allow":["GET"]}}],"collection":[{"href":"https:\/\/gab-bellinzona.ch\/online\/wp-json\/wp\/v2\/posts"}],"about":[{"href":"https:\/\/gab-bellinzona.ch\/online\/wp-json\/wp\/v2\/types\/post"}],"author":[{"embeddable":true,"href":"https:\/\/gab-bellinzona.ch\/online\/wp-json\/wp\/v2\/users\/2"}],"replies":[{"embeddable":true,"href":"https:\/\/gab-bellinzona.ch\/online\/wp-json\/wp\/v2\/comments?post=640"}],"version-history":[{"count":0,"href":"https:\/\/gab-bellinzona.ch\/online\/wp-json\/wp\/v2\/posts\/640\/revisions"}],"wp:attachment":[{"href":"https:\/\/gab-bellinzona.ch\/online\/wp-json\/wp\/v2\/media?parent=640"}],"wp:term":[{"taxonomy":"category","embeddable":true,"href":"https:\/\/gab-bellinzona.ch\/online\/wp-json\/wp\/v2\/categories?post=640"},{"taxonomy":"post_tag","embeddable":true,"href":"https:\/\/gab-bellinzona.ch\/online\/wp-json\/wp\/v2\/tags?post=640"}],"curies":[{"name":"wp","href":"https:\/\/api.w.org\/{rel}","templated":true}]}}