{"id":638,"date":"2018-05-17T17:43:17","date_gmt":"2018-05-17T15:43:17","guid":{"rendered":"http:\/\/gab-bellinzona.ch\/?p=6171"},"modified":"2018-05-17T17:43:17","modified_gmt":"2018-05-17T15:43:17","slug":"qualifica-regionale-ragazzo-veloce-del-ticino-bellinzona","status":"publish","type":"post","link":"https:\/\/gab-bellinzona.ch\/online\/qualifica-regionale-ragazzo-veloce-del-ticino-bellinzona\/","title":{"rendered":"Qualifica regionale Ragazzo + veloce del Ticino &#8211; Bellinzona"},"content":{"rendered":"<p>Si \u00e8 svolta ieri sera allo stadio Comunale di Bellinzona la qualifica bellinzonese del ragazzo pi\u00f9 veloce del Ticino. Molti gli atleti Gab qualificati alla finale.<\/p>\n<p>La finale si terr\u00e0 il 31 maggio 2018 a Bellinzona.<\/p>\n<p>Complimenti a tutti i gabbini scesi in pista! Forza Gab!<\/p>\n<p style=\"text-align: center;\">Risultati &#8211;&gt;\u00a0<a href=\"http:\/\/gab-bellinzona.ch\/wp\/wp-content\/uploads\/2018\/05\/downloads_EL.RV_.2018.pdf\">_.._downloads_EL.RV.2018<\/a><\/p>\n<p>Prossimi appuntamenti:<\/p>\n<ul>\n<li><a href=\"https:\/\/www.tvzla-athletics.ch\/anl\u00e4sse-1\/pfingstmeeting-19-05-2018\/\">Pfingstmeeting &#8211; Zofingen -&gt; Sabato 19 maggio 2018<\/a><\/li>\n<li>Alcuni degli atleti U18 saranno invece impegnati con la selezione Ticino al <a href=\"http:\/\/www.brixia-athletics.org\/index.php\/it\/\">Brixia Meeting -&gt; Domenica 20 maggio 2018<\/a>. Rassegna internazionale per rappresentative, che si tiene a Bressanone in Trentino-Alto Adige (ITA).<\/li>\n<\/ul>\n","protected":false},"excerpt":{"rendered":"<p>Si \u00e8 svolta ieri sera allo stadio Comunale di Bellinzona la qualifica bellinzonese del ragazzo pi\u00f9 veloce del Ticino. Molti gli atleti Gab qualificati alla finale. La finale si terr\u00e0 [&hellip;]<\/p>\n","protected":false},"author":2,"featured_media":0,"comment_status":"closed","ping_status":"closed","sticky":false,"template":"","format":"standard","meta":{"footnotes":""},"categories":[],"tags":[],"class_list":["post-638","post","type-post","status-publish","format-standard"],"_links":{"self":[{"href":"https:\/\/gab-bellinzona.ch\/online\/wp-json\/wp\/v2\/posts\/638","targetHints":{"allow":["GET"]}}],"collection":[{"href":"https:\/\/gab-bellinzona.ch\/online\/wp-json\/wp\/v2\/posts"}],"about":[{"href":"https:\/\/gab-bellinzona.ch\/online\/wp-json\/wp\/v2\/types\/post"}],"author":[{"embeddable":true,"href":"https:\/\/gab-bellinzona.ch\/online\/wp-json\/wp\/v2\/users\/2"}],"replies":[{"embeddable":true,"href":"https:\/\/gab-bellinzona.ch\/online\/wp-json\/wp\/v2\/comments?post=638"}],"version-history":[{"count":0,"href":"https:\/\/gab-bellinzona.ch\/online\/wp-json\/wp\/v2\/posts\/638\/revisions"}],"wp:attachment":[{"href":"https:\/\/gab-bellinzona.ch\/online\/wp-json\/wp\/v2\/media?parent=638"}],"wp:term":[{"taxonomy":"category","embeddable":true,"href":"https:\/\/gab-bellinzona.ch\/online\/wp-json\/wp\/v2\/categories?post=638"},{"taxonomy":"post_tag","embeddable":true,"href":"https:\/\/gab-bellinzona.ch\/online\/wp-json\/wp\/v2\/tags?post=638"}],"curies":[{"name":"wp","href":"https:\/\/api.w.org\/{rel}","templated":true}]}}