{"id":634,"date":"2018-05-05T21:33:42","date_gmt":"2018-05-05T19:33:42","guid":{"rendered":"http:\/\/gab-bellinzona.ch\/?p=6136"},"modified":"2018-05-05T21:33:42","modified_gmt":"2018-05-05T19:33:42","slug":"risultati-25eme-meeting-memorial-paul-luginbuhl-losanna","status":"publish","type":"post","link":"https:\/\/gab-bellinzona.ch\/online\/risultati-25eme-meeting-memorial-paul-luginbuhl-losanna\/","title":{"rendered":"Risultati: 25\u00e8me Meeting M\u00e9morial Paul Luginb\u00fchl &#8211; Losanna"},"content":{"rendered":"<p><strong>25\u00e8me Meeting M\u00e9morial Paul Luginb\u00fchl<\/strong><\/p>\n<p>\u00c8 cominciata sabato 5 maggio la stagione di Mattia Tajana. L&#8217;atleta di Lumino \u00e8 sceso in pista a Losanna, citt\u00e0 dove vive tuttora per motivi di studio. Sui 100m ha concluso lontano dal suo primato personale in 11&#8243;43. Mattia si \u00e8 poi rifatto sui 300m finendo in 34&#8243;79.<\/p>\n<ul>\n<li>Mattia Tajana 100m 11&#8243;43 300m 34&#8243;79<\/li>\n<\/ul>\n<p style=\"text-align: center;\"><a href=\"http:\/\/www.ls-athletisme.ch\/fileadmin\/content\/competitions\/results\/2018\/Resultats\/20180505Lausanne.pdf\">&lt;&lt;Risultati meeting Losanna&gt;&gt;<\/a><\/p>\n<p>A Willisau invece il lanciatore Alex Brechb\u00fchl \u00e8 sceso sulla pedana del lancio del disco.<\/p>\n<ul>\n<li>Alex Brechb\u00fchl disco 2kg 32.11m<\/li>\n<\/ul>\n<p style=\"text-align: center;\"><a href=\"http:\/\/stvwillisau.ch\/fileadmin\/user_upload\/la-meeting\/2018\/rangliste18.pdf\">&lt;&lt;Risultati meeting Willisau&gt;&gt;<\/a><\/p>\n<p>Complimenti Mattia! Complimenti Alex! Forza Gab!<\/p>\n<p>Prossimo appuntamento: <a href=\"https:\/\/drive.google.com\/file\/d\/1J3eGh0ueTDva4MmwOLK7_1HCsB6IWNzq\/view\">Meeting serale Virtus &#8211; Stadio al Lido Locarno -&gt; mercoled\u00ec 9 maggio 2018\u00a0<\/a><\/p>\n<p>&nbsp;<\/p>\n","protected":false},"excerpt":{"rendered":"<p>25\u00e8me Meeting M\u00e9morial Paul Luginb\u00fchl \u00c8 cominciata sabato 5 maggio la stagione di Mattia Tajana. L&#8217;atleta di Lumino \u00e8 sceso in pista a Losanna, citt\u00e0 dove vive tuttora per motivi [&hellip;]<\/p>\n","protected":false},"author":2,"featured_media":0,"comment_status":"closed","ping_status":"closed","sticky":false,"template":"","format":"standard","meta":{"footnotes":""},"categories":[],"tags":[],"class_list":["post-634","post","type-post","status-publish","format-standard"],"_links":{"self":[{"href":"https:\/\/gab-bellinzona.ch\/online\/wp-json\/wp\/v2\/posts\/634","targetHints":{"allow":["GET"]}}],"collection":[{"href":"https:\/\/gab-bellinzona.ch\/online\/wp-json\/wp\/v2\/posts"}],"about":[{"href":"https:\/\/gab-bellinzona.ch\/online\/wp-json\/wp\/v2\/types\/post"}],"author":[{"embeddable":true,"href":"https:\/\/gab-bellinzona.ch\/online\/wp-json\/wp\/v2\/users\/2"}],"replies":[{"embeddable":true,"href":"https:\/\/gab-bellinzona.ch\/online\/wp-json\/wp\/v2\/comments?post=634"}],"version-history":[{"count":0,"href":"https:\/\/gab-bellinzona.ch\/online\/wp-json\/wp\/v2\/posts\/634\/revisions"}],"wp:attachment":[{"href":"https:\/\/gab-bellinzona.ch\/online\/wp-json\/wp\/v2\/media?parent=634"}],"wp:term":[{"taxonomy":"category","embeddable":true,"href":"https:\/\/gab-bellinzona.ch\/online\/wp-json\/wp\/v2\/categories?post=634"},{"taxonomy":"post_tag","embeddable":true,"href":"https:\/\/gab-bellinzona.ch\/online\/wp-json\/wp\/v2\/tags?post=634"}],"curies":[{"name":"wp","href":"https:\/\/api.w.org\/{rel}","templated":true}]}}