{"id":627,"date":"2013-01-02T00:31:46","date_gmt":"2013-01-01T23:31:46","guid":{"rendered":"http:\/\/gab-bellinzona.ch\/?p=6105"},"modified":"2024-03-27T21:29:02","modified_gmt":"2024-03-27T19:29:02","slug":"brunello-margni","status":"publish","type":"post","link":"https:\/\/gab-bellinzona.ch\/online\/brunello-margni\/","title":{"rendered":"Brunello Margni"},"content":{"rendered":"<h1><strong>Un Brunello&#8230; enciclopedico<\/strong><br \/>\ndi Tamara Winkler<\/h1>\n<p>Brunello Margni \u00e8 nato a Medeglia nel 1944, dando avvio alla sua carriera atletica nel \u201859, all\u2019et\u00e0 di 15 anni. In 30 anni di attivit\u00e0 ha difeso i colori di varie societ\u00e0 (Isone, SFG Bellinzona, SFG Lugano, SAB, Virtus Locarno) per approdare infine al GAB, societ\u00e0 con la quale ha realizzato magnifici risultati e collezionato e catalogato indelebili ricordi, prima come atleta, poi come allenatore e prezioso collaboratore.<\/p>\n<p>Fortissimo mezzofondista: 25 titoli di campione ticinese, plurimedagliato ai campionati svizzeri, ha girato la Confederazione e il Vecchio continente prendendo parte, con successo, a vari campionati nazionali e europei dei ferrovieri, aggiudicandosi 8 titoli svizzeri, 7 argenti e due bronzi e buoni piazzamenti continentali. Da non dimenticare, infine, anche il suo terzo posto alla Morat-Friborgo nel 1983, come pure il terzo rango alla prestigiosa Stramilano, nel 1982.<span class=\"Apple-converted-space\">\u00a0<\/span><\/p>\n<p>Su pista, su strada e nei cross Brunello ha sempre dato del filo da torcere ai suoi avversari.<span class=\"Apple-converted-space\">\u00a0<\/span><\/p>\n<p><b>B<\/b>anca dati: primati personali, record, date importanti, numero e metallo delle medaglie, titoli ticinesi, svizzeri, continentali e oltre, al nostro Brunello nulla sfugge e tutto trascrive con meticolosa cura nei suoi annali e nel libro, infallibile, della sua memoria. Quando ci siamo incontrati per questa intervista, mi ha portato un suo prezioso classificatore, nel quale conserva, con dovizia di particolari e un ordine per me (purtroppo) inconcepibile, tutti i suoi risultati dal 1959 all\u2019anno della caduta del muro di Berlino; 30 anni di date e tempi, che rivelano molto della sua passione per l\u2019atletica e per le cifre.<\/p>\n<p><b>R<\/b>ecord: indimenticabile, impressionante e quasi inossidabile \u00e8 il suo record<span class=\"Apple-converted-space\">\u00a0 <\/span>ticinese juniores sui 1000m, messo a segno il 19 agosto 1962 e resistito per ben 47 anni, fino al 2009. Due giri e mezzo percorsi senza alcuna preparazione specifica nello strabiliante tempo di 2\u201932\u2019\u20196, su una pista ancora in carbonella.<span class=\"Apple-converted-space\">\u00a0<\/span><\/p>\n<p><b>U<\/b>nbelievable: ho preso in prestito un aggettivo dall\u2019inglese per meglio descrivere il nostro personaggio. Incredibile, sotto vari aspetti. Provvisto di un innegabile vena umoristica, perch\u00e9 la nostra chiacchierata insieme \u00e8 stata davvero simpatica. In altre parole: unico. Il Gab \u00e8 stato ed \u00e8 importante per Brunello, ma l\u2019affetto \u00e8 senz\u2019altro reciproco.<\/p>\n<p><b>N<\/b>icola: il figlio, noto giornalista sportivo, con un passato da mezzofondista. Nicola e Brunello sono sempre presenti a bordo pista o sui campi da cross per raccontare o commentare, come solo gli insider sanno fare, ci\u00f2 che accade sui vari terreni di gara.<\/p>\n<p><b>E<\/b>ngadina: all\u2019aria sottile di Celerina, Brunello ricorda di aver trascorso momenti indimenticabili, prima come atleta, poi come allenatore. \u201cL\u2019Engadina era una meta irrinunciabile, fui il promotore delle gite in rampichino nella ripida e fiabesca Valle di Fex e in Val Roseg, dove al termine delle nostre pedalate ci aspettavano delle buonissime torte\u201d. Brunello fu anche il pioniere delle fantastiche gite in capanna che, grazie al capocorso Giorgio Meneghetti, vengono riproposte tutt\u2019oggi con immutato successo.<\/p>\n<p><b>L<\/b>ocomotiva\u2026umana: deve aver carpito dalle locomotive, di cui si \u00e8 per anni dedicato per lavoro, il segreto della loro ferrea resistenza\u2026Nella sua incredibile carriera atletica Brunello ha, infatti, macinato oltre 100\u2019000 km, tenendone orgogliosamente nota in maniera pi\u00f9 affidabile e scrupolosa dei moderni orologi satellitari!<span class=\"Apple-converted-space\">\u00a0<\/span><\/p>\n<p style=\"text-align: left;\"><a href=\"http:\/\/gab-bellinzona.ch\/wp\/wp-content\/uploads\/2018\/05\/brunelloPP.jpg\"><img loading=\"lazy\" decoding=\"async\" class=\"size-full wp-image-6107 aligncenter\" src=\"http:\/\/gab-bellinzona.ch\/wp\/wp-content\/uploads\/2018\/05\/brunelloPP.jpg\" alt=\"\" width=\"378\" height=\"800\" \/><\/a><\/p>\n<p><b>L<\/b>inea del traguardo: della sua lunga e brillante carriera atletica Brunello non si ricorda solo il numero dei traguardi tagliati, ma anche chi, con lui, condivise fatiche, speranze e gioie. Fra questi mi racconta con emozione di Roberto Curti, suo fortissimo compagno di squadra e avversario nei mille metri, persona gentile e umana, purtroppo prematuramente scomparsa.<span class=\"Apple-converted-space\">\u00a0 <\/span>Brunello ricorda con piacere anche i fratelli Scalena, tra cui Franco, \u201catleta indimenticabile, il Van Looy della situazione, sarebbe stato l\u2019equivalente di un Cipollini nell\u2019era moderna, un velocista incredibile, fortissimo in volata\u201d. Brunello era un abile stratega, prima delle gare si concentrava sulle caratteristiche dei suoi avversari per impostare la sua corsa e riuscire a tagliare il traguardo per primo. \u201cPrima di ogni gara ero sicuro di poter far bene, l\u2019atteggiamento mentale \u00e8 importantissimo. Non ho mai gareggiato per partecipare, correvo per vincere. La fiducia nei propri mezzi \u00e8 indispensabile.\u201d<\/p>\n<p><b>O<\/b>nnivoro: o\u2026ddio, \u00e8 una lettera ostica, cosa scrivere? Mi sarebbe piaciuto conoscere le preferenze alimentari di Brunello e sapere se, quando gareggiava, si curava, con la stessa precisione con cui archiviava i suoi risultati, anche dei cibi ingeriti. Alla domanda \u201cquale cibo preferisci?\u201d speravo dunque mi rispondesse di impazzire per gli ossibuchi, le omelette oppure di bere Ovomaltina tutte le mattine\u2026la O mi sembrava un osso duro, come Brunello, in fondo\u2026 Ci ha per\u00f2 pensato lui a levarmi da qualsiasi imbarazzo, dicendomi di essere un perfetto esemplare di onnivoro, con una certa predilezione per orate e simili e per tutti i tipi di pasta\u2026 orecchiette in particolare.<\/p>\n<p><b>M<\/b>ateriali GAB: oggi Brunello si occupa dell\u2019archivio (chi meglio di lui?, ndr.) e della distribuzione del materiale sociale. Ha collaborato sin dalla nascita (1990) alla pubblicazione del bollettino annuale \u201cAttivit\u00e0\u201d, dove cura la parte dedicata alle statistiche. Tiene inoltre i conteggi delle presenze degli atleti Gab ai meeting per i sussidi Sport-Toto. Insieme a Giovanni Zamboni, Eli Monico e Stelio Ghisletta ha contribuito alla pubblicazione del libro per i 70 anni del Gab. \u00c8 presente anche sui campi di gara in qualit\u00e0 di collaboratore Gab e giudice arbitro della Federazione svizzera di atletica.<\/p>\n<p><b>A<\/b>neddoto: \u201cLa prima gara su pista la corsi allo stadio del Lido di Locarno nel 1959. Le piste allora erano in carbonella e venivano spianate con un rullo spinto manualmente. Dopo un po\u2019 di giri di corsa restavano i solchi; immaginatevi come diventava il campo di gara con la pioggia\u2026erano altri tempi.\u201d<\/p>\n<p><b>R<\/b>ituali scaramantici: alzarsi dal letto sempre appoggiando per prima il piede sinistro, toccarsi il naso prima della partenza, indossare un indumento portafortuna\u2026?<span class=\"Apple-converted-space\">\u00a0 <\/span>Mi interessava sapere se anche un atleta e una persona rigorosa come Brunello, ogni tanto scivolasse nella confortante irrazionalit\u00e0 dei rituali scaramantici pre-gara. Anche qui ha saputo stupirmi. \u201cNon ho mai rinunciato ad un buon bicchiere di vino ai pasti. Per un periodo ho provato a farne a meno, ma visto che i miei risultati non ne traevano giovamento, sono tornato sui miei passi. Prima delle gare verificavo inoltre sempre che tutto fosse a posto. Controllavo la divisa, i chiodini, le stringhe, la borsa. Questo era il mio rituale, non volevo farmi sorprendere da brutte sorprese. L\u2019ordine \u00e8 sempre stato una mia prerogativa. In ogni ambito\u201d.<\/p>\n<p><b>G<\/b>AB: \u201cPer me \u00e8 come una famiglia, un secondo amore. Devo molto al Gab. Pur avendo corso per tante societ\u00e0 agli albori della mia carriera, provo per questo gruppo, di cui sono membro dal 1981, un attaccamento particolare. Per il Gab sono stato dapprima atleta e poi allenatore.\u201d Nelle vesti di allenatore mi racconta di aver vissuto momenti di grande soddisfazione quando il suo pupillo, Numa Pedrazzetti, mise a segno una doppietta nei 100m e nei 200m ai Campionati svizzeri del 1989.<\/p>\n<p><b>N<\/b>eve e non solo\u2026Ho conosciuto Brunello in palestra, \u00e8 sempre stato un grande sportivo. Il 1989, l\u2019anno del suo ritiro dalle competizioni, non sigl\u00f2 certo l\u2019inizio di una vita da sedentario. A tutt\u2019oggi si allena regolarmente tre volte alla settimana. Palestra, sci e bici sono i suoi hobby principali.<br \/>\nD\u2019inverno ama in modo particolare recarsi sulla neve per praticare lo sci alpino. \u201cQuando correvo seriamente gli allenamenti e le gare mi impedivano di praticare questo sport con regolarit\u00e0. Oggi, che sono in pensione e ho pi\u00f9 tempo libero\u2026recupero il terreno \u2018perduto\u2019\u201d!<\/p>\n<p><b>I<\/b>sone:\u00a0Inizi\u00f2 a garaggiare per la societ\u00e0 atletica Isone nel 1959. Brunello abitava a Medeglia, comune limitrofo. La pista non c\u2019era e non poteva svolgere allenamenti ritmati. Si allenava dunque per le strade del paese, prevalentemente la sera, da solo, quando tornava a casa dal suo apprendistato, al buio, perch\u00e9 di lampioni non ce n\u2019erano. Per queste ragioni il primato personale di Brunello sui mille metri ha ancora di pi\u00f9 il sapore dell\u2019impresa incredibile. \u201cHo sempre creduto in quello che facevo, mi ha sempre accompagnato una grandissima passione, per cui tutto era pi\u00f9 facile e aveva un senso\u201d, anche correre al buio per le stradine di paese.<\/p>\n<p>Un grande ringraziamento a Brunello che ha accettato la sfida di raccontarsi in un modo un po\u2019 insolito, forse un po\u2019 disordinato per i suoi canoni, col quale ha per\u00f2 condiviso con i lettori di Attivit\u00e0 alcuni tra i moltissimi ricordi che custodisce, in perfetto ordine, e con la cura e l\u2019attenzione che si rivolge alle cose che sono importanti, nei suoi archivi affettivi e cartacei.<\/p>\n<p><em>Attivit\u00e0 2012<\/em><\/p>\n","protected":false},"excerpt":{"rendered":"<p>Un Brunello&#8230; enciclopedico di Tamara Winkler Brunello Margni \u00e8 nato a Medeglia nel 1944, dando avvio alla sua carriera atletica nel \u201859, all\u2019et\u00e0 di 15 anni. In 30 anni di [&hellip;]<\/p>\n","protected":false},"author":1,"featured_media":0,"comment_status":"closed","ping_status":"closed","sticky":false,"template":"","format":"standard","meta":{"footnotes":""},"categories":[126],"tags":[],"class_list":["post-627","post","type-post","status-publish","format-standard","category-personaggio"],"_links":{"self":[{"href":"https:\/\/gab-bellinzona.ch\/online\/wp-json\/wp\/v2\/posts\/627","targetHints":{"allow":["GET"]}}],"collection":[{"href":"https:\/\/gab-bellinzona.ch\/online\/wp-json\/wp\/v2\/posts"}],"about":[{"href":"https:\/\/gab-bellinzona.ch\/online\/wp-json\/wp\/v2\/types\/post"}],"author":[{"embeddable":true,"href":"https:\/\/gab-bellinzona.ch\/online\/wp-json\/wp\/v2\/users\/1"}],"replies":[{"embeddable":true,"href":"https:\/\/gab-bellinzona.ch\/online\/wp-json\/wp\/v2\/comments?post=627"}],"version-history":[{"count":1,"href":"https:\/\/gab-bellinzona.ch\/online\/wp-json\/wp\/v2\/posts\/627\/revisions"}],"predecessor-version":[{"id":13542,"href":"https:\/\/gab-bellinzona.ch\/online\/wp-json\/wp\/v2\/posts\/627\/revisions\/13542"}],"wp:attachment":[{"href":"https:\/\/gab-bellinzona.ch\/online\/wp-json\/wp\/v2\/media?parent=627"}],"wp:term":[{"taxonomy":"category","embeddable":true,"href":"https:\/\/gab-bellinzona.ch\/online\/wp-json\/wp\/v2\/categories?post=627"},{"taxonomy":"post_tag","embeddable":true,"href":"https:\/\/gab-bellinzona.ch\/online\/wp-json\/wp\/v2\/tags?post=627"}],"curies":[{"name":"wp","href":"https:\/\/api.w.org\/{rel}","templated":true}]}}