{"id":626,"date":"2014-01-02T00:24:07","date_gmt":"2014-01-01T23:24:07","guid":{"rendered":"http:\/\/gab-bellinzona.ch\/?p=6099"},"modified":"2024-03-27T21:29:28","modified_gmt":"2024-03-27T19:29:28","slug":"alfredo-brechbuhl","status":"publish","type":"post","link":"https:\/\/gab-bellinzona.ch\/online\/alfredo-brechbuhl\/","title":{"rendered":"Alfredo Brechb\u00fchl"},"content":{"rendered":"<h1><strong>Quattro chiacchiere con&#8230; Brech<\/strong><br \/>\ndi Laura Mudry Mangiarratti<\/h1>\n<p>Da qualche anno, nella nostra pubblicazione annuale, riserviamo uno spazio alla presentazione di un personaggio importante per la societ\u00e0; quest\u2019anno lo dedichiamo ad Alfredo Brechb\u00fchl, da tutti conosciuto come Brech.<\/p>\n<p>Pensionato delle Officine FFS dal 2008, nonno di Nicole e Carol e grande appassionato di viticoltura, frutticoltura e giardinaggio, da molti anni Brech \u00e8 per il GAB giudice arbitro, giudice di gara e responsabile del furgone.<\/p>\n<p>Il suo legame con il GAB inizia nel 1971, quando la societ\u00e0 esce da un periodo difficile, dovuto all\u2019assenza di allenatori capaci e disposti a dedicare del tempo alla causa.<\/p>\n<p>Fu in particolare Carlo Rezzonico (conosciuto come Charlie) a riprendere in mano le sorti del GAB e dare nuova linfa, sia in veste di dirigente (affiancando il compianto Presidente Piero Banfi) sia di allenatore.<span class=\"Apple-converted-space\">\u00a0<\/span><\/p>\n<p>Brech entra nel GAB come atleta (getto del peso), ma da subito affianca Charlie anche come allenatore e monitore. Nel 1974 iniziano per Brech i corsi di formazione G+S di atletica e di efficienza fisica (oggi polisport). Grazie a un costante lavoro sul campo, il GAB si riprende e il numero degli atleti aumenta. Brech, affiancato in seguito da Brunello Margni, arriva ad avere fino a 35 atleti nel suo gruppo di ragazze e ragazzi Cat. A e B.<span class=\"Apple-converted-space\">\u00a0<\/span><\/p>\n<p>Alle officine nel frattempo vi \u00e8 la sostituzione di un responsabile dello sport, e ad Alfredo viene dato l\u2019incarico di occuparsi delle ore sportive per gli apprendisti.<span class=\"Apple-converted-space\">\u00a0 <\/span>Un\u2019ora settimanale dedicata a pi\u00f9 sport: accanto al nuoto, al calcio e ad altre discipline, Brech non fa mancare l\u2019atletica. \u00c8 l\u2019occasione per alcuni apprendisti delle officine di avvicinarsi all\u2019atletica e al GAB.<span class=\"Apple-converted-space\">\u00a0<\/span><\/p>\n<p><a href=\"http:\/\/gab-bellinzona.ch\/wp\/wp-content\/uploads\/2014\/01\/gruppoBB.jpg\"><img loading=\"lazy\" decoding=\"async\" class=\"alignnone size-full wp-image-6102\" src=\"http:\/\/gab-bellinzona.ch\/wp\/wp-content\/uploads\/2014\/01\/gruppoBB.jpg\" alt=\"\" width=\"1166\" height=\"648\" \/><\/a><\/p>\n<p>L\u2019impegno \u00e8 molto, gli allenatori lo sanno: presenza costante agli allenamenti, accompagnare i ragazzi alle gare e organizzare il campo d\u2019allenamento estivo a Celerina-San Moritz; per Brech il tutto \u00e8 da conciliare con il lavoro presso le officine, la vigna da curare sui terreni a Carasso e, soprattutto con la famiglia a cui Brech trasmette la sua passione (prima al figlio Alex e da qualche anno anche alle nipotine).<span class=\"Apple-converted-space\">\u00a0<\/span><\/p>\n<p>Le soddisfazioni non mancano: nei suoi 20 anni di attivit\u00e0 come allenatore Brech incontra molte ragazze e ragazzi. Quando gli chiedo di ricordare qualcuno in particolare, la schiera di nomi \u00e8 lunga. Un aneddoto per\u00f2 ci tiene a raccontarlo. Una sera, mentre era impegnato ad allenare il suo gruppo al salto in alto, compare allo stadio una certa Monica, allora undicenne, arrivata a vedere gli allenamenti del cugino. Invitata da Brech a provare un salto, la ragazzina al primo tentativo salta 1,20 metri! Brech \u00e8 sorpreso nell\u2019osservare la facilit\u00e0 con cui Monica supera l\u2019asticella. \u00c8 forse quello l\u2019inizio della lunga e ricca carriera della nostra Monica Pellegrinelli, costellata di numerose presenze in nazionale e tredici titoli svizzeri assoluti!<span class=\"Apple-converted-space\">\u00a0<\/span><\/p>\n<p>La carriera di allenatore nel GAB si conclude per Brech nel 1990. Le Officine gli propongono una promozione, una nuova qualifica professionale: da operaio qualificato (formazione come avvolgitore elettromeccanico) ad addetto alla sicurezza Suva. I suoi compiti e i suoi impegni di formazione cambiano e non gli permettono pi\u00f9 di garantire una presenza costante allo stadio.<span class=\"Apple-converted-space\">\u00a0<\/span><\/p>\n<p>Il suo impegno per il GAB non termina comunque nel 1990: da allora resta una validissima risorsa come giudice di gara e giudice arbitro. Tutti riconoscono in lui un grandissimo senso del dovere, affidabilit\u00e0 e precisione. Insomma, uno di quei collaboratori che non lasciano nulla al caso: preparato, preciso e corretto. Le pedane dei concorsi pi\u00f9 prestigiosi del Gran Premio dei Castelli prima e del Gal\u00e0 oggi, sono affidate a Brech, responsabile di un gruppo di collaboratori. Da rilevare che per i campionati Europei di Zurigo del 2014, Brech si \u00e8 messo<span class=\"Apple-converted-space\">\u00a0 <\/span>a disposizione nel team ticinese di Andrea e Paolo Bordoli, che si occupano della gestione di una pedana del getto del peso. Nello stesso gruppo ci sar\u00e0 anche il collaboratore pi\u00f9 giovane della manifestazione, il nostro Mirko Tam\u00f2. A tutti loro va un grande grazie per la diponibilit\u00e0 e per portare il nome del GAB a una grande manifestazione.<span class=\"Apple-converted-space\">\u00a0<\/span><\/p>\n<p>&#8230;<\/p>\n<p>E\u2019 stata una piacevole chiacchierata con Brech, in una mattina innevata di gennaio. E\u2019 stato bello ripercorrere gli ultimi anni di questa gloriosa societ\u00e0 che si avvicina a compiere 80 anni! Mi accorgo sempre di pi\u00f9 di quanto le societ\u00e0 sportive debbano ringraziare l\u2019impegno, la costanza e la passione di schiere di allenatori volontari: ieri Charlie Rezzonico, Brech, Brunello Margni, Enrico Rondi, Marco Rapp, e molti altri, oggi Fiorenzo Marchesi, Chico Cariboni, Monica Pellegrinelli, Alberto Brunelli, Loretta Guglielmetti. E la lista \u00e8 davvero lunga! Grazie a tutti, allenatori e monitori, il vero pilastro portante di ogni societ\u00e0 sana!<\/p>\n<p><i>P.S. Mentre scrivevo questo articolo sono andata a rileggermi alcuni passaggi della pubblicazione curata da Giovanni Zamboni per i 70 anni del GAB. Un tuffo nel passato molto piacevole che consiglio a tutti per rendersi conto di quante persone hanno vestito negli anni la nostra bella maglia rossa<\/i>.<span class=\"Apple-converted-space\">\u00a0<\/span><\/p>\n<p>Attivit\u00e0 2013<\/p>\n","protected":false},"excerpt":{"rendered":"<p>Quattro chiacchiere con&#8230; Brech di Laura Mudry Mangiarratti Da qualche anno, nella nostra pubblicazione annuale, riserviamo uno spazio alla presentazione di un personaggio importante per la societ\u00e0; quest\u2019anno lo dedichiamo [&hellip;]<\/p>\n","protected":false},"author":1,"featured_media":0,"comment_status":"closed","ping_status":"closed","sticky":false,"template":"","format":"standard","meta":{"footnotes":""},"categories":[126],"tags":[],"class_list":["post-626","post","type-post","status-publish","format-standard","category-personaggio"],"_links":{"self":[{"href":"https:\/\/gab-bellinzona.ch\/online\/wp-json\/wp\/v2\/posts\/626","targetHints":{"allow":["GET"]}}],"collection":[{"href":"https:\/\/gab-bellinzona.ch\/online\/wp-json\/wp\/v2\/posts"}],"about":[{"href":"https:\/\/gab-bellinzona.ch\/online\/wp-json\/wp\/v2\/types\/post"}],"author":[{"embeddable":true,"href":"https:\/\/gab-bellinzona.ch\/online\/wp-json\/wp\/v2\/users\/1"}],"replies":[{"embeddable":true,"href":"https:\/\/gab-bellinzona.ch\/online\/wp-json\/wp\/v2\/comments?post=626"}],"version-history":[{"count":1,"href":"https:\/\/gab-bellinzona.ch\/online\/wp-json\/wp\/v2\/posts\/626\/revisions"}],"predecessor-version":[{"id":13543,"href":"https:\/\/gab-bellinzona.ch\/online\/wp-json\/wp\/v2\/posts\/626\/revisions\/13543"}],"wp:attachment":[{"href":"https:\/\/gab-bellinzona.ch\/online\/wp-json\/wp\/v2\/media?parent=626"}],"wp:term":[{"taxonomy":"category","embeddable":true,"href":"https:\/\/gab-bellinzona.ch\/online\/wp-json\/wp\/v2\/categories?post=626"},{"taxonomy":"post_tag","embeddable":true,"href":"https:\/\/gab-bellinzona.ch\/online\/wp-json\/wp\/v2\/tags?post=626"}],"curies":[{"name":"wp","href":"https:\/\/api.w.org\/{rel}","templated":true}]}}