{"id":623,"date":"2017-01-01T23:37:59","date_gmt":"2017-01-01T22:37:59","guid":{"rendered":"http:\/\/gab-bellinzona.ch\/?p=6075"},"modified":"2024-03-27T21:36:33","modified_gmt":"2024-03-27T19:36:33","slug":"loretta-guglielmetti","status":"publish","type":"post","link":"https:\/\/gab-bellinzona.ch\/online\/loretta-guglielmetti\/","title":{"rendered":"Loretta Guglielmetti"},"content":{"rendered":"<div class=\"page\" title=\"Page 33\">\n<h1 class=\"column\"><strong>Loretta e&#8230; il GAB<br \/>\n<\/strong><span style=\"font-size: 27px;\">di\u00a0Mirko Tam\u00f2 e Loretta Guglielmetti<\/span><\/h1>\n<div><\/div>\n<div class=\"column\">\n<p>Tra i nomi di quelli che hanno fatto la storia del GAB, pragmandone la struttura e portandone gli atleti al successo c\u2019\u00e8 sicuramente di diritto quello di Loretta Guglielmetti. Un personaggio deciso e modesto, che ha l\u2019atletica nel cuore.<\/p>\n<\/div>\n<div class=\"layoutArea\">\n<div class=\"column\">\n<p>Per me \u00e8 un onore poter scrivere di lei, Loretta \u00e8 stata la mia prima allenatrice quando ho cominciato a fare atletica. E se oggi faccio ancora parte del GAB molto probabilmente lo devo a lei. Perci\u00f2 prima di iniziare, vorrei ringraziarla.<\/p>\n<p>Ho incontrato Loretta una domenica mattina di pioggia, eppure lei come sempre si \u00e8 presentata sorridente e soprattutto preparata. Chi la conosce, sapr\u00e0 benissimo che Loretta ha le idee ben in chiaro. Mi mostra il testo che ha preparato, sono curioso, l\u00ec dentro ci sono 40 anni di storia GAB!!!<\/p>\n<p>\u201cL\u2019atletica \u00e8 da sempre una delle mie passioni, mi \u00e8 sempre piaciuta la velocit\u00e0, il salto in lungo e soprattutto la 4x100m.<\/p>\n<p>Ho cominciato la mia carriera da allenatrice quando frequentavo la Magistrale, avevo 17 anni e ogni tanto aiutavo negli allenamenti del gruppo femminile. Il GAB era nel pieno della sua ristrutturazione. Le ragazze che allenavo erano poco pi\u00f9 giovani di me e questo non mi faceva sentire al posto giusto. Considerando che stavo concludendo i miei studi di docente di scuola elementare, desideravo un mio gruppo, possibilmente con annate tra i 6 e i 10 anni pi\u00f9 adatte alla mia futura professione.<\/p>\n<p>Iniziai a lavorare a Daro con una prima elementare, bambini troppo piccoli per entrare nel GAB, ci voleva la quinta (nascita almeno 1963&#8230;) In quegli anni era Enrico Rondi, che allenava il gruppo giovani con\u00a0le annate 63-64-65, assieme ad altri monitori. Erano gli anni 70, precisamente il 73, quando potei cominciare con il mio primo \u201cgruppo scolari\u201d. Il primo aiuto per iniziare me lo diede una mia collega di lavoro e iniziammo con 5 ragazzi, in poco tempo diventarono 40!!! Da l\u00ec inizi\u00f2 la ricerca annuale dei monitori, delle palestre, la ristrutturazione dei gruppi e il classico, l\u2019aggiornamento dei brevetti G+S.<\/p>\n<\/div>\n<div class=\"column\">\n<p><a href=\"http:\/\/gab-bellinzona.ch\/wp\/wp-content\/uploads\/2018\/05\/lorettaGG.jpg\"><img loading=\"lazy\" decoding=\"async\" class=\"alignnone size-full wp-image-6076\" src=\"http:\/\/gab-bellinzona.ch\/wp\/wp-content\/uploads\/2018\/05\/lorettaGG.jpg\" alt=\"\" width=\"1200\" height=\"668\" \/><\/a><em>Il gruppo di Loretta alla fine degli anni &#8217;80.<\/em><\/p>\n<p>Negli anni di insegnamento (e sono tanti!!!) ho sempre cercato di coinvolgere i miei allievi proponendo loro la pratica dell\u2019atletica, ma mi andava bene anche lo sport in generale considerando la loro et\u00e0. In questi 40 anni da sola non avrei potuto gestire niente, quello che ho realizzato \u00e8 anche merito delle persone che mi hanno aiutata e mi aiutano ancora. Molti, ai tempi bimbi nelle mie palestre, sono ritornati dopo gli studi, graditissimi come monitori o assumendo altre funzioni nel GAB. Altri meno giovani con esperienze varie, collaborano ancora oggi e molti giovani che ho allenato recentemente cominciano ad emergere.<\/p>\n<p>Il mio ruolo preferito nel GAB rimane sempre quello legato alla mia professione di docente: insegnare ai bambini in palestra. In passato, in particolare negli anni \u201980 ho sempre cercato di collaborare e mettermi a disposizione dove era necessario, ad esempio ai campeggi e alle cene di fine anno come aiuto cucina.<\/p>\n<p>Da diversi anni sono inoltre attiva come giudice di gara ai vari meeting, passione che mi ha portato nel 2014 ad avere l\u2019occasione unica e memorabile di partecipare come volontaria ai campionati europei\u00a0di Zurigo nella giuria del peso. Grazie al supporto di Andrea e Paolo Bordoli e con la collaborazione e l\u2019amicizia di Brech, Enrico, Alberto, Farut e Mirko.<\/p>\n<p>Sono socio onorario della societ\u00e0 e ne sono orgogliosa!<\/p>\n<p>Attualmente continuo sempre la mia attivit\u00e0 di monitrice del gruppo scolari e mi presento in pista come giudice di gara. La voglia e l\u2019entusiasmo ci sono ancora, la struttura della societ\u00e0 \u00e8 solida e quindi in futuro potr\u00f2 scegliere in serenit\u00e0 quando sar\u00e0 l\u2019ora di smettere.&#8221;<\/p>\n<p><em>Attivit\u00e0 2016<\/em><\/p>\n<\/div>\n<\/div>\n<\/div>\n","protected":false},"excerpt":{"rendered":"<p>Loretta e&#8230; il GAB di\u00a0Mirko Tam\u00f2 e Loretta Guglielmetti Tra i nomi di quelli che hanno fatto la storia del GAB, pragmandone la struttura e portandone gli atleti al successo [&hellip;]<\/p>\n","protected":false},"author":1,"featured_media":0,"comment_status":"closed","ping_status":"closed","sticky":false,"template":"","format":"standard","meta":{"footnotes":""},"categories":[126],"tags":[],"class_list":["post-623","post","type-post","status-publish","format-standard","category-personaggio"],"_links":{"self":[{"href":"https:\/\/gab-bellinzona.ch\/online\/wp-json\/wp\/v2\/posts\/623","targetHints":{"allow":["GET"]}}],"collection":[{"href":"https:\/\/gab-bellinzona.ch\/online\/wp-json\/wp\/v2\/posts"}],"about":[{"href":"https:\/\/gab-bellinzona.ch\/online\/wp-json\/wp\/v2\/types\/post"}],"author":[{"embeddable":true,"href":"https:\/\/gab-bellinzona.ch\/online\/wp-json\/wp\/v2\/users\/1"}],"replies":[{"embeddable":true,"href":"https:\/\/gab-bellinzona.ch\/online\/wp-json\/wp\/v2\/comments?post=623"}],"version-history":[{"count":1,"href":"https:\/\/gab-bellinzona.ch\/online\/wp-json\/wp\/v2\/posts\/623\/revisions"}],"predecessor-version":[{"id":13544,"href":"https:\/\/gab-bellinzona.ch\/online\/wp-json\/wp\/v2\/posts\/623\/revisions\/13544"}],"wp:attachment":[{"href":"https:\/\/gab-bellinzona.ch\/online\/wp-json\/wp\/v2\/media?parent=623"}],"wp:term":[{"taxonomy":"category","embeddable":true,"href":"https:\/\/gab-bellinzona.ch\/online\/wp-json\/wp\/v2\/categories?post=623"},{"taxonomy":"post_tag","embeddable":true,"href":"https:\/\/gab-bellinzona.ch\/online\/wp-json\/wp\/v2\/tags?post=623"}],"curies":[{"name":"wp","href":"https:\/\/api.w.org\/{rel}","templated":true}]}}