{"id":614,"date":"2018-04-03T20:16:48","date_gmt":"2018-04-03T18:16:48","guid":{"rendered":"http:\/\/gab-bellinzona.ch\/?p=5932"},"modified":"2018-04-09T21:54:34","modified_gmt":"2018-04-09T19:54:34","slug":"diario-da-cervia-1","status":"publish","type":"post","link":"https:\/\/gab-bellinzona.ch\/online\/diario-da-cervia-1\/","title":{"rendered":"Diario da Cervia #8 &#8211;> Guarda le FOTO!"},"content":{"rendered":"<p style=\"text-align: center;\"><a href=\"http:\/\/gab-bellinzona.ch\/archivio_foto\/thumbnails.php?album=277\">&lt;&lt;FOTO&gt;&gt;<\/a><\/p>\n<p><strong>8\u00b0 giorno (5 aprile) &#8211; Forza GAB!:<\/strong><\/p>\n<p>L\u2019ultima mattina \u00e8 sempre la pi\u00f9 dura, te ne accorgi, fai pi\u00f9 fatica a svegliarti. Scendi le scale prestando attenzione ad ogni scalino, scalini che ti ricordano che le tue tue gambe questa settimana di chilometri ne hanno fatti. Ti siedi, mangi, ti svegli e ti accorgi che forse la borsa sarebbe anche da fare.<\/p>\n<p>Su di corsa, scalini a balla, entri in camera. Quelli \u201cbravi\u201d son gi\u00e0 li sdraiati sul letto, borsa piena, pronti per l\u2019allenamento.\u00a0Calzamaglia, maglione, scarpe, asciugamano, calze, mutande,\u2026\u2026.., si dovrebbe esserci tutto.<\/p>\n<p>Scendi di sotto, guardi le facce, si vede e lo senti nell\u2019aria.\u00a0 Tutti lo conoscono, molti lo temono e pochi sono quelli che osano nominarlo. Gi\u00e0 quanto si parte si sa che lui li prende tutti o quasi. \u00c8 il test dell\u2019ultimo sabato. Sta arrivando.<\/p>\n<p><a href=\"http:\/\/gab-bellinzona.ch\/wp\/wp-content\/uploads\/2018\/04\/IMG_0447.jpg\"><img loading=\"lazy\" decoding=\"async\" class=\"alignnone size-medium wp-image-5965\" src=\"http:\/\/gab-bellinzona.ch\/wp\/wp-content\/uploads\/2018\/04\/IMG_0447-300x200.jpg\" alt=\"\" width=\"300\" height=\"200\" \/><\/a> <a href=\"http:\/\/gab-bellinzona.ch\/wp\/wp-content\/uploads\/2018\/04\/IMG_0451.jpg\"><img loading=\"lazy\" decoding=\"async\" class=\"alignnone size-medium wp-image-5966\" src=\"http:\/\/gab-bellinzona.ch\/wp\/wp-content\/uploads\/2018\/04\/IMG_0451-300x200.jpg\" alt=\"\" width=\"300\" height=\"200\" \/><\/a> <a href=\"http:\/\/gab-bellinzona.ch\/wp\/wp-content\/uploads\/2018\/04\/IMG_0456.jpg\"><img loading=\"lazy\" decoding=\"async\" class=\"alignnone size-medium wp-image-5967\" src=\"http:\/\/gab-bellinzona.ch\/wp\/wp-content\/uploads\/2018\/04\/IMG_0456-300x200.jpg\" alt=\"\" width=\"300\" height=\"200\" \/><\/a><a href=\"http:\/\/gab-bellinzona.ch\/wp\/wp-content\/uploads\/2018\/04\/IMG_0443.jpg\"><img loading=\"lazy\" decoding=\"async\" class=\"alignnone size-medium wp-image-5964\" src=\"http:\/\/gab-bellinzona.ch\/wp\/wp-content\/uploads\/2018\/04\/IMG_0443-300x200.jpg\" alt=\"\" width=\"300\" height=\"200\" \/><\/a><\/p>\n<p>Corsetta in pineta, un po\u2019 di stretching e qualche allungo, sali sul furgone per lo stadio e via. C\u2019\u00e8 chi se la cava con poco e chi, meno fortunato, deve correre un 2000m. Arrivati al traguardo tutti sono felici, felici di aver dato il massimo, poco importa il risultato.<\/p>\n<p>Appena il tempo di gustarsi qualche specialit\u00e0 romagnola che gi\u00e0 ci si ritrova sulla via del ritorno. Per la famiglia Gab \u00e8 gi\u00e0 passata un\u2019altra settimana.<\/p>\n<p>A nome di tutti gli atleti non posso che ringraziare i quattro allenatori che ci hanno portato a questo campo d\u2019allenamento. <strong>Grazie Alberto, Chico, Fiorenzo e Michele!!!<\/strong>\u00a0Grazie mille per il vostro tempo e per il vostro impegno per allenarci.<\/p>\n<p>Un altro grande <strong>grazie va a i due piloti Bob e Mimo<\/strong>, che ci hanno scarrozzati e intrattenuti per tutto il campo. Grazie anche a chi pur non essendo in pista con noi rende questi campi possibili, grazie a chi ci sostiene. <strong>Grazie Gab<\/strong>!<\/p>\n<p><strong>7\u00b0 giorno (5 aprile) &#8211;\u00a0Alessio G.:<\/strong><\/p>\n<p>Il campo sta per volgere al termine, le gambe sono doloranti e la stanchezza si fa sentire, per\u00f2 all\u2019hotel President di Cervia si vedono molte facce sorridenti.<\/p>\n<p><img loading=\"lazy\" decoding=\"async\" class=\"size-medium wp-image-5960 alignright\" src=\"http:\/\/gab-bellinzona.ch\/wp\/wp-content\/uploads\/2018\/04\/2018-04-06-PHOTO-00000018-225x300.jpg\" alt=\"\" width=\"225\" height=\"300\" \/><\/p>\n<p>Questa mattina ci siamo risvegliati con il cielo limpido, che preannunciava una bella giornata. Dopo una sostanziosa colazione ci siamo recati allo stadio con una corsetta nella solita e mitica pineta, per il penultimo allenamento del campo.Finite le nostre fatiche ci siamo messi in posa per la consueta foto di gruppo, dopodich\u00e9 abbiamo recuperato le nostre energie grazie ad un fantastico pranzo.\u00a0 Il pomeriggio \u00e8 trascorso velocemente tra balli in spiaggia, bagni nel mare e sonnellini in previsione dei test di domani. Verso le 17 ci siamo recati al centro storico di Cervia dove abbiamo potuto rilassarci, esplorare e ammirare il tramonto.<\/p>\n<p><strong>6\u00b0 giorno (5 aprile) &#8211; Federica:<\/strong><\/p>\n<p>Oggi, dopo il pomeriggio rilassante di ieri, gli atleti hanno ripreso ad allenarsi duramente.\u00a0Come ogni mattina, si sono diretti fino ai furgoni\u00a0 a corsa, chiedendosi che allenamento gli toccher\u00e0 in pista. Allo stadio c&#8217;\u00e8 chi ha fatto ostacoli, chi velocit\u00e0 e altri ancora corsa lunga.\u00a0Dopo aver faticato parecchio sono tornati in albergo a gustarsi il meritato pranzo.<\/p>\n<p><a href=\"http:\/\/gab-bellinzona.ch\/wp\/wp-content\/uploads\/2018\/04\/IMG_0349.jpg\"><img loading=\"lazy\" decoding=\"async\" class=\"size-medium wp-image-5958 aligncenter\" src=\"http:\/\/gab-bellinzona.ch\/wp\/wp-content\/uploads\/2018\/04\/IMG_0349-300x200.jpg\" alt=\"\" width=\"300\" height=\"200\" \/><\/a><\/p>\n<p>Dopo pranzo hanno svolto diverse\u00a0 attivit\u00e0 e passatempi in compagnia. In tardo pomeriggio si sono nuovamente diretti allo stadio,\u00a0 correndo tutti in pineta. Salvo un ragazzo, che preso in giro da tutta la societ\u00e0, per un dolorino ai polpacci, ha avuto l&#8217;onore (o la sfortuna) di poter fare il tragitto fino allo stadio interamente con il pulmino.<\/p>\n<p>L&#8217;ultimo allenamento della giornata \u00e8 stato molto divertente in quanto molti atleti hanno provato i cambi delle staffette.\u00a0Ora si aspetta di assaggiare le delizie di questa sera e di guardare la partita di hockey, ovviamente tifando ambri!<\/p>\n<p><strong>5\u00b0 giorno (4 aprile) &#8211; Nico:<\/strong><\/p>\n<p>Anche se \u00e8 iniziata la seconda met\u00e0 di settimana e siamo provati dagli allenamenti svolti, a farla da padrone \u00e8 ancora e sempre il divertimento e la bellezza di passare del tempo tra amici.<\/p>\n<p>Anche questa mattina un cielo cupo ci ha risvegliato da una notte di sonno profondo. Alcune gocce di pioggia sono cadute, ma fortunatamente il maltempo \u00e8 cessato prima dell\u2019inizio degli allenamenti mattutini. A differenza dei giorni passati, oggi tutto il GAB si \u00e8 allenato in pineta. Le gambe doloranti e i visi stanchi che hanno segnato la prima parte di giornata sono svaniti all\u2019ora di pranzo, quando le prelibatezze dello chef ci hanno ancora una volta deliziato.<\/p>\n<p><img loading=\"lazy\" decoding=\"async\" class=\"size-medium wp-image-5953 alignright\" src=\"http:\/\/gab-bellinzona.ch\/wp\/wp-content\/uploads\/2018\/04\/IMG_9330-300x287.jpg\" alt=\"\" width=\"300\" height=\"287\" \/><\/p>\n<p>Questo pomeriggio, per la prima volta da quattro giorni, non ci siamo allenati! Infatti, la seconda parte di giornata si \u00e8 svolta all\u2019insegna dello shopping e del relax. Ci siamo recati a un vicino centro commerciale, dove abbiamo avuto modo di alleggerire i nostri portafogli, e poi ci siamo rilassati al cinema. Qui il gruppo si \u00e8 diviso in tra: c\u2019\u00e8 chi ha optato per una commedia leggera e divertente, chi ha scelto di vedere un avventuroso fantasy e chi \u00e8 rimasto in ambito sportivo.<\/p>\n<p>&nbsp;<\/p>\n<p>&nbsp;<\/p>\n<p><strong>4\u00b0 giorno (3 aprile) &#8211; Mara:<\/strong><\/p>\n<p>Al risveglio il cielo di Cervia era nuvoloso ma per fortuna dopo la solita ricca colazione il sole \u00e8 spuntato anche oggi.\u00a0<a href=\"http:\/\/gab-bellinzona.ch\/wp\/wp-content\/uploads\/2018\/03\/IMG_9957-2.jpg\"><img loading=\"lazy\" decoding=\"async\" class=\"size-medium wp-image-5950 aligncenter\" src=\"http:\/\/gab-bellinzona.ch\/wp\/wp-content\/uploads\/2018\/03\/IMG_9957-2-300x200.jpg\" alt=\"\" width=\"300\" height=\"200\" \/><\/a><\/p>\n<p>L\u2019allenamento allo stadio \u00e8 stato intenso ma pieno di soddisfazioni come pure lo \u00e8 stato il gustosissimo pranzo.\u00a0Il pomeriggio \u00e8 trascorso tranquillamente: alcuni hanno studiato, altri si sono goduti la spiaggia e il mare, e i pi\u00f9 stanchi si sono riposati.\u00a0Per i mezzofondisti l\u2019ultimo allenamento della giornata si \u00e8 svolto in pineta, velocisti e ostacolisti invece si sono trasferiti allo stadio.\u00a0Ora ci aspetta una meritatissima cena e una spendida serata in compagnia.<\/p>\n<p><strong>3\u00b0 giorno (2 aprile) &#8211; Sabrina C.:<\/strong><\/p>\n<p>Anche il terzo giorno del nostro campo di allenamento pasquale \u00e8 passato, tra gambe e\/o braccia doloranti e risate comuni.<\/p>\n<p>L\u2019allenamento mattutino ha mietuto qualche vittima, tra un ostacolista rotolante e velociste &#8220;dimenticate&#8221; in pineta, ma si \u00e8 concluso con tanti atleti soddisfatti e, spero, altrettanti allenatori;)<a href=\"http:\/\/gab-bellinzona.ch\/wp\/wp-content\/uploads\/2018\/03\/Enlight6.jpg\"><img loading=\"lazy\" decoding=\"async\" class=\"size-medium wp-image-5943 aligncenter\" src=\"http:\/\/gab-bellinzona.ch\/wp\/wp-content\/uploads\/2018\/03\/Enlight6-300x225.jpg\" alt=\"\" width=\"300\" height=\"225\" \/><\/a><\/p>\n<p>L\u2019allenamento avvenuto nel tardo pomeriggio ha, invece, avuto come protagonista principale la disciplina che aprir\u00e0 la stagione outdoor: la staffetta. Dopo aver provato i cambi e avuto un assaggio dello spirito di gruppo che ci sar\u00e0 durante le competizioni, ci siamo meritati una cena molto golosa.<\/p>\n<p>Ora si spera solamente di concludere la serata con la vittoria Biancoblu!:)<\/p>\n<p><strong>2\u00b0 giorno (1 aprile) &#8211; Sabrina I.:<\/strong><\/p>\n<p>La giornata di Pasqua \u00e8 stata caratterizzata da tanto sole, divertimento e fatica. Nella mattinata i Gabbini hanno potuto testare la pista di Cervia, che ogni anno si presenta gremita di atleti provenienti da tutta Europa.<\/p>\n<p><img loading=\"lazy\" decoding=\"async\" class=\"size-medium wp-image-5938 aligncenter\" src=\"http:\/\/gab-bellinzona.ch\/wp\/wp-content\/uploads\/2018\/03\/IMG_9281-225x300.jpg\" alt=\"\" width=\"225\" height=\"300\" \/><\/p>\n<p>Dopo un ricco pranzo, di pi\u00f9 portate, i nostri atleti si sono dedicati a un sano relax in spiaggia e i pi\u00f9 coraggiosi si sono concessi un bagno in mare. Alle 16:45 ritrovo in Pineta per i mezzofondisti e trasferta allo stadio per i velocisti. La bellissima giornata \u00e8 terminata con un\u2019uscita di gruppo alla mitica sala giochi di Cervia. La foto ritrae Gino, il proprietario dell\u2019hotel, che come tradizione riduce in pezzettini l\u2019enorme uovo di cioccolato.<\/p>\n<p><strong>1\u00b0 giorno (31 marzo) &#8211; Gillian:<\/strong><\/p>\n<p>Quest\u2019oggi, anche se con qualche minuto di ritardo, siamo partiti prima dell\u2019alba destinazione Cervia!<\/p>\n<p><img loading=\"lazy\" decoding=\"async\" class=\"size-medium wp-image-5933 alignleft\" src=\"http:\/\/gab-bellinzona.ch\/wp\/wp-content\/uploads\/2018\/03\/2018-03-31-PHOTO-00000003-225x300.jpg\" alt=\"\" width=\"225\" height=\"300\" \/><\/p>\n<p>Durante il viaggio, alcuni dormendo, alcuni giocando, altri passando il tempo in altri modi, abbiamo sentito l\u2019adrenalina salire all\u2019avvicinarsi del tanto atteso campo di allenamento&#8230;.e finalmente arrivati! Le disposizioni per le camere, alcune raccomandazioni, un attimo di ambientamento ed \u00e8 gi\u00e0 ora di pranzo! Pranzo abbondante \u00e8 molto buono, ci dicono che allenamento sarebbe stato solo alle 16:15 quindi abbiamo \u201cdovuto\u201d organizzare il nostro pomeriggio&#8230;<\/p>\n<p>Chi in spiaggia, chi in camera a giocare a carte in compagnia, chi a riposare, per tutti \u00e8 arrivata ora di allenamento. Il primo allenamento si sospettava soft e per alcuni cos\u00ec \u00e8 stato, per gli altri&#8230; si abitueranno ad anche di peggio! \ud83d\ude42\u00a0In ogni caso a tutti si sono meritati doccia e cena, anch\u2019essa squisita.<\/p>\n<p>Ora alcuni andranno in spiaggia, mentre i veri tifosi leventinesi guardano la finale (dei play-out) contro il Kloten, e altri resteranno semplicemente in camera a rilassarsi prima di una giornata intensa di allenamento in quel di Cervia.<\/p>\n<p>Per oggi \u00e8 tutto, arrivederci a domani. \ud83d\ude09<\/p>\n<p>&nbsp;<\/p>\n","protected":false},"excerpt":{"rendered":"<p>&lt;&lt;FOTO&gt;&gt; 8\u00b0 giorno (5 aprile) &#8211; Forza GAB!: L\u2019ultima mattina \u00e8 sempre la pi\u00f9 dura, te ne accorgi, fai pi\u00f9 fatica a svegliarti. Scendi le scale prestando attenzione ad ogni [&hellip;]<\/p>\n","protected":false},"author":2,"featured_media":0,"comment_status":"closed","ping_status":"closed","sticky":false,"template":"","format":"standard","meta":{"footnotes":""},"categories":[],"tags":[],"class_list":["post-614","post","type-post","status-publish","format-standard"],"_links":{"self":[{"href":"https:\/\/gab-bellinzona.ch\/online\/wp-json\/wp\/v2\/posts\/614","targetHints":{"allow":["GET"]}}],"collection":[{"href":"https:\/\/gab-bellinzona.ch\/online\/wp-json\/wp\/v2\/posts"}],"about":[{"href":"https:\/\/gab-bellinzona.ch\/online\/wp-json\/wp\/v2\/types\/post"}],"author":[{"embeddable":true,"href":"https:\/\/gab-bellinzona.ch\/online\/wp-json\/wp\/v2\/users\/2"}],"replies":[{"embeddable":true,"href":"https:\/\/gab-bellinzona.ch\/online\/wp-json\/wp\/v2\/comments?post=614"}],"version-history":[{"count":0,"href":"https:\/\/gab-bellinzona.ch\/online\/wp-json\/wp\/v2\/posts\/614\/revisions"}],"wp:attachment":[{"href":"https:\/\/gab-bellinzona.ch\/online\/wp-json\/wp\/v2\/media?parent=614"}],"wp:term":[{"taxonomy":"category","embeddable":true,"href":"https:\/\/gab-bellinzona.ch\/online\/wp-json\/wp\/v2\/categories?post=614"},{"taxonomy":"post_tag","embeddable":true,"href":"https:\/\/gab-bellinzona.ch\/online\/wp-json\/wp\/v2\/tags?post=614"}],"curies":[{"name":"wp","href":"https:\/\/api.w.org\/{rel}","templated":true}]}}