{"id":611,"date":"2018-03-15T10:50:44","date_gmt":"2018-03-15T09:50:44","guid":{"rendered":"http:\/\/gab-bellinzona.ch\/?p=5894"},"modified":"2018-03-20T15:31:32","modified_gmt":"2018-03-20T14:31:32","slug":"domenica-selezione-ticino-cross-cortenova-ita","status":"publish","type":"post","link":"https:\/\/gab-bellinzona.ch\/online\/domenica-selezione-ticino-cross-cortenova-ita\/","title":{"rendered":"Risultati: Selezione Ticino &#8211; Cross Cortenova (ITA)"},"content":{"rendered":"<p>Ecco i resultati:<\/p>\n<p style=\"text-align: center;\"><a href=\"http:\/\/www.fidal-lombardia.it\/ris\/5414.1.htm\">&lt;&lt;Resultati individuali&gt;&gt;<\/a><\/p>\n<p style=\"text-align: center;\"><a href=\"http:\/\/www.fidal-lombardia.it\/ris\/5414.2.htm\">&lt;&lt;Resultati per rappresentative&gt;&gt;<\/a><\/p>\n<p>Con la primavera si conclude la stagione dei cross. Ultimo appuntamento di questo inverno \u00e8 il classico incontro per selezioni giovanili a Cortenova. La localit\u00e0 lombarda in provincia di Lecco ospiter\u00e0 domenica 18 marzo molti talenti italiani e anche la selezione Ticino. A rappresentare il Cantone ben 7 atleti Gab.<\/p>\n<p>Ecco i selezionati:<\/p>\n<ul>\n<li>Filippo Balestra<\/li>\n<li>Siro Gentilini<\/li>\n<li>Numa Cariboni<\/li>\n<li>Siria Cariboni<\/li>\n<li>Marta Tagliabue<\/li>\n<li>Alice Cavadini<\/li>\n<li>Gaia Berini<\/li>\n<\/ul>\n<p>Forza ragazze\/i! Forza Gab!<\/p>\n<p>&nbsp;<\/p>\n","protected":false},"excerpt":{"rendered":"<p>Ecco i resultati: &lt;&lt;Resultati individuali&gt;&gt; &lt;&lt;Resultati per rappresentative&gt;&gt; Con la primavera si conclude la stagione dei cross. Ultimo appuntamento di questo inverno \u00e8 il classico incontro per selezioni giovanili a [&hellip;]<\/p>\n","protected":false},"author":2,"featured_media":0,"comment_status":"closed","ping_status":"closed","sticky":false,"template":"","format":"standard","meta":{"footnotes":""},"categories":[],"tags":[],"class_list":["post-611","post","type-post","status-publish","format-standard"],"_links":{"self":[{"href":"https:\/\/gab-bellinzona.ch\/online\/wp-json\/wp\/v2\/posts\/611","targetHints":{"allow":["GET"]}}],"collection":[{"href":"https:\/\/gab-bellinzona.ch\/online\/wp-json\/wp\/v2\/posts"}],"about":[{"href":"https:\/\/gab-bellinzona.ch\/online\/wp-json\/wp\/v2\/types\/post"}],"author":[{"embeddable":true,"href":"https:\/\/gab-bellinzona.ch\/online\/wp-json\/wp\/v2\/users\/2"}],"replies":[{"embeddable":true,"href":"https:\/\/gab-bellinzona.ch\/online\/wp-json\/wp\/v2\/comments?post=611"}],"version-history":[{"count":0,"href":"https:\/\/gab-bellinzona.ch\/online\/wp-json\/wp\/v2\/posts\/611\/revisions"}],"wp:attachment":[{"href":"https:\/\/gab-bellinzona.ch\/online\/wp-json\/wp\/v2\/media?parent=611"}],"wp:term":[{"taxonomy":"category","embeddable":true,"href":"https:\/\/gab-bellinzona.ch\/online\/wp-json\/wp\/v2\/categories?post=611"},{"taxonomy":"post_tag","embeddable":true,"href":"https:\/\/gab-bellinzona.ch\/online\/wp-json\/wp\/v2\/tags?post=611"}],"curies":[{"name":"wp","href":"https:\/\/api.w.org\/{rel}","templated":true}]}}