{"id":605,"date":"2018-02-04T18:09:17","date_gmt":"2018-02-04T17:09:17","guid":{"rendered":"http:\/\/gab-bellinzona.ch\/?p=5813"},"modified":"2018-02-05T19:18:40","modified_gmt":"2018-02-05T18:18:40","slug":"cross-di-mendrisio-borgo-di-mendrisio","status":"publish","type":"post","link":"https:\/\/gab-bellinzona.ch\/online\/cross-di-mendrisio-borgo-di-mendrisio\/","title":{"rendered":"Cross di Mendrisio &#8211; Borgo di Mendrisio"},"content":{"rendered":"<p>Si \u00e8 svolta oggi la penultima tappa della Coppa Ticino di Cross. Andata in scena a Mendrisio, la tappa odierna ha stabilito gi\u00e0 molti dei contendenti alla classifica finale. Molti i podi di giornata, gi\u00e0 tra i pi\u00f9 piccoli. Da segnalare il ritorno sul podio di Roberto, che dopo il quarto posto di Gordola \u00e8 riuscito a salire fino al secondo posto.<\/p>\n<p>Complimenti a tutti! Forza Gab!<\/p>\n<p><strong>Podi di giornata:\u00a0<\/strong><\/p>\n<ul>\n<li>2\u00b0 posto U14 Gaia Berini<\/li>\n<li>3\u00b0 posto U16 Siria Cariboni<\/li>\n<li>2\u00b0 posto W45 Jeanette Bregagnolo<\/li>\n<li>1\u00b0 posto U10 Gabriele Berini<\/li>\n<li>1\u00b0 posto U16 Filippo Balestra<\/li>\n<li>2\u00b0 posto U16 Siro Gentilini<\/li>\n<li>1\u00b0 posto U18 Mattia Verzaroli<\/li>\n<li>2\u00b0 posto cross corto Roberto &#8220;Bob&#8221; Simone<\/li>\n<li>2\u00b0\u00a0posto M40-45\u00a0\u00a0Giuseppe Gioia<\/li>\n<\/ul>\n<p style=\"text-align: center;\"><a href=\"https:\/\/www.endu.net\/it\/events\/cross-mendrisio-ctc\/results\/2018\"><strong>&lt;&lt;Risultati completi&gt;&gt;\u00a0<\/strong><\/a><\/p>\n<p>Prossimo appuntamento Coppa Ticino: <a href=\"https:\/\/www.endu.net\/it\/events\/cross-banco-ctc\/\">Cross di Banco &#8211; Banco di Bedigliora &#8212;&gt; domenica 25 febbraio 2018<\/a><\/p>\n<p><a href=\"http:\/\/gab-bellinzona.ch\/wp\/wp-content\/uploads\/2018\/02\/thumbnail_IMG_8814.jpg\"><img loading=\"lazy\" decoding=\"async\" class=\"alignnone size-full wp-image-5815\" src=\"http:\/\/gab-bellinzona.ch\/wp\/wp-content\/uploads\/2018\/02\/thumbnail_IMG_8814.jpg\" alt=\"\" width=\"960\" height=\"1280\" \/><\/a> <a href=\"http:\/\/gab-bellinzona.ch\/wp\/wp-content\/uploads\/2018\/02\/IMG_8812.jpg\"><img loading=\"lazy\" decoding=\"async\" class=\"alignnone size-full wp-image-5816\" src=\"http:\/\/gab-bellinzona.ch\/wp\/wp-content\/uploads\/2018\/02\/IMG_8812.jpg\" alt=\"\" width=\"1200\" height=\"1600\" \/><\/a> <a href=\"http:\/\/gab-bellinzona.ch\/wp\/wp-content\/uploads\/2018\/02\/IMG_8815.jpg\"><img loading=\"lazy\" decoding=\"async\" class=\"alignnone size-full wp-image-5817\" src=\"http:\/\/gab-bellinzona.ch\/wp\/wp-content\/uploads\/2018\/02\/IMG_8815.jpg\" alt=\"\" width=\"768\" height=\"1024\" \/><\/a> <a href=\"http:\/\/gab-bellinzona.ch\/wp\/wp-content\/uploads\/2018\/02\/IMG_8816.jpg\"><img loading=\"lazy\" decoding=\"async\" class=\"alignnone size-full wp-image-5818\" src=\"http:\/\/gab-bellinzona.ch\/wp\/wp-content\/uploads\/2018\/02\/IMG_8816.jpg\" alt=\"\" width=\"768\" height=\"1024\" \/><\/a> <a href=\"http:\/\/gab-bellinzona.ch\/wp\/wp-content\/uploads\/2018\/02\/IMG_8813.jpg\"><img loading=\"lazy\" decoding=\"async\" class=\"alignnone size-full wp-image-5819\" src=\"http:\/\/gab-bellinzona.ch\/wp\/wp-content\/uploads\/2018\/02\/IMG_8813.jpg\" alt=\"\" width=\"1200\" height=\"1600\" \/><\/a><\/p>\n<p>&nbsp;<\/p>\n","protected":false},"excerpt":{"rendered":"<p>Si \u00e8 svolta oggi la penultima tappa della Coppa Ticino di Cross. Andata in scena a Mendrisio, la tappa odierna ha stabilito gi\u00e0 molti dei contendenti alla classifica finale. Molti [&hellip;]<\/p>\n","protected":false},"author":2,"featured_media":0,"comment_status":"closed","ping_status":"closed","sticky":false,"template":"","format":"standard","meta":{"footnotes":""},"categories":[],"tags":[],"class_list":["post-605","post","type-post","status-publish","format-standard"],"_links":{"self":[{"href":"https:\/\/gab-bellinzona.ch\/online\/wp-json\/wp\/v2\/posts\/605","targetHints":{"allow":["GET"]}}],"collection":[{"href":"https:\/\/gab-bellinzona.ch\/online\/wp-json\/wp\/v2\/posts"}],"about":[{"href":"https:\/\/gab-bellinzona.ch\/online\/wp-json\/wp\/v2\/types\/post"}],"author":[{"embeddable":true,"href":"https:\/\/gab-bellinzona.ch\/online\/wp-json\/wp\/v2\/users\/2"}],"replies":[{"embeddable":true,"href":"https:\/\/gab-bellinzona.ch\/online\/wp-json\/wp\/v2\/comments?post=605"}],"version-history":[{"count":0,"href":"https:\/\/gab-bellinzona.ch\/online\/wp-json\/wp\/v2\/posts\/605\/revisions"}],"wp:attachment":[{"href":"https:\/\/gab-bellinzona.ch\/online\/wp-json\/wp\/v2\/media?parent=605"}],"wp:term":[{"taxonomy":"category","embeddable":true,"href":"https:\/\/gab-bellinzona.ch\/online\/wp-json\/wp\/v2\/categories?post=605"},{"taxonomy":"post_tag","embeddable":true,"href":"https:\/\/gab-bellinzona.ch\/online\/wp-json\/wp\/v2\/tags?post=605"}],"curies":[{"name":"wp","href":"https:\/\/api.w.org\/{rel}","templated":true}]}}