{"id":601,"date":"2018-02-20T20:20:04","date_gmt":"2018-02-20T19:20:04","guid":{"rendered":"http:\/\/gab-bellinzona.ch\/?p=5777"},"modified":"2018-02-28T12:58:50","modified_gmt":"2018-02-28T11:58:50","slug":"no-alla-no-billag-sostieni-latletica","status":"publish","type":"post","link":"https:\/\/gab-bellinzona.ch\/online\/no-alla-no-billag-sostieni-latletica\/","title":{"rendered":"NO alla &#8220;No-Billag&#8221; -> Sostieni l&#8217;atletica!!!"},"content":{"rendered":"<p><strong>NO alla \u201cNo-Billag\u201d<\/strong><\/p>\n<p>Un\u2019inziativa con un <strong>impatto negativo<\/strong> sullo sport svizzero!<\/p>\n<p>Cara atleti, amici e sostenitori del <strong>Gruppo Atletico Bellinzona<\/strong>, il 4. marzo sar\u00e0 in votazione l\u2019Iniziativa \u201cNO-Billag\u201d. L\u2019iniziativa che punta ad eliminare il canone radio-televisivo e a mettere all\u2019asta la concessione per la trasmissione radio-televisiva al miglior offerente.<\/p>\n<p>Un successo dell\u2019iniziativa significherebbe la fine della SSR-SRG come oggi la conosciamo. Anche per molte emittenti locali significherebbe la fine. Ma soprattuto per gli amanti dello sport come noi, questa iniziativa avrebbe ripercussioni negative anche sull\u2019atletica leggera.<\/p>\n<p>La SRG e nel nostro caso la RSI in specifico cercano di coprire tutti gli sport. Grazie a loro anche gli sport meno popolari o meglio, meno attraenti al grande pubblico vengono trasmessi alla televisione. Sarebbe impensabile per un\u2019emittente privata trasmettere simili eventi dato il scarso rendimento finanziario. Il servizio pubblico propone questi sport con il compito di salvaguardarne l\u2019esistenza e promuoverli all\u2019interno della popolazione. Con la trasmissione di questi eventi la radio e la televisione sostengono direttamente e indirettamente le federazioni e le societ\u00e0 sportive.<\/p>\n<p>La produzione di eventi sportivi da parte della SRG \u00e8 fondamentale. Per\u00a0 i \u201cpiccoli\u201d eventi la copertura da parte delle nostre emittenti nazionali porta pubblicit\u00e0 e soprattutto nuovi sponsor, i quali sono fondamentali per la sopravvivenza stessa dell\u2019evento. Eventi come i Campionati svizzeri di atletica o come il <strong>Gal\u00e0 dei castelli<\/strong>, che ci tocca pi\u00f9 da vicino, avrebbero sicuramente serie difficolt\u00e0 in futuro.<\/p>\n<p>Anche per il Gab \u00e8 importante che i meeting di atletica, come il Gal\u00e0 dei castelli o il Weltklasse di Zurigo, continuino a venir trasmessi. Cos\u00ec che le giovani generazioni di svizzeri possano venir ispirati da i nostri \u201ceroi sportivi\u201d come Kariem Hussein, Lea Sprunger e Selina Buchel. Cos\u00ec che pi\u00f9 ragazzi comincino a fare atletica!<\/p>\n<p>Eventi che trasmettono emozioni, formano l\u2019identit\u00e0 e ci legano al nostro stato devono poter sopravvivere. Perci\u00f2 vi invitiamo a votare <strong>NO all\u2019iniziativa \u201cNO-Billag\u201d.<\/strong><\/p>\n<p><a href=\"http:\/\/gab-bellinzona.ch\/wp\/wp-content\/uploads\/2018\/01\/MM_No_Billag_260118_d.pdf\">&lt;Comunicato stampa ufficiale Swiss Athletics &#8211; Gal\u00e0 dei castelli &#8211; Weltklasse&gt;<\/a><\/p>\n","protected":false},"excerpt":{"rendered":"<p>NO alla \u201cNo-Billag\u201d Un\u2019inziativa con un impatto negativo sullo sport svizzero! Cara atleti, amici e sostenitori del Gruppo Atletico Bellinzona, il 4. marzo sar\u00e0 in votazione l\u2019Iniziativa \u201cNO-Billag\u201d. L\u2019iniziativa che [&hellip;]<\/p>\n","protected":false},"author":2,"featured_media":0,"comment_status":"closed","ping_status":"closed","sticky":false,"template":"","format":"standard","meta":{"footnotes":""},"categories":[],"tags":[],"class_list":["post-601","post","type-post","status-publish","format-standard"],"_links":{"self":[{"href":"https:\/\/gab-bellinzona.ch\/online\/wp-json\/wp\/v2\/posts\/601","targetHints":{"allow":["GET"]}}],"collection":[{"href":"https:\/\/gab-bellinzona.ch\/online\/wp-json\/wp\/v2\/posts"}],"about":[{"href":"https:\/\/gab-bellinzona.ch\/online\/wp-json\/wp\/v2\/types\/post"}],"author":[{"embeddable":true,"href":"https:\/\/gab-bellinzona.ch\/online\/wp-json\/wp\/v2\/users\/2"}],"replies":[{"embeddable":true,"href":"https:\/\/gab-bellinzona.ch\/online\/wp-json\/wp\/v2\/comments?post=601"}],"version-history":[{"count":0,"href":"https:\/\/gab-bellinzona.ch\/online\/wp-json\/wp\/v2\/posts\/601\/revisions"}],"wp:attachment":[{"href":"https:\/\/gab-bellinzona.ch\/online\/wp-json\/wp\/v2\/media?parent=601"}],"wp:term":[{"taxonomy":"category","embeddable":true,"href":"https:\/\/gab-bellinzona.ch\/online\/wp-json\/wp\/v2\/categories?post=601"},{"taxonomy":"post_tag","embeddable":true,"href":"https:\/\/gab-bellinzona.ch\/online\/wp-json\/wp\/v2\/tags?post=601"}],"curies":[{"name":"wp","href":"https:\/\/api.w.org\/{rel}","templated":true}]}}